{"id":5495,"date":"2025-01-28T11:15:37","date_gmt":"2025-01-28T11:15:37","guid":{"rendered":"https:\/\/infogandia.es\/?p=5495"},"modified":"2025-01-28T11:15:37","modified_gmt":"2025-01-28T11:15:37","slug":"arrancan-las-jornadas-de-debate-vecinal-de-fedaveins-en-la-casa-de-la-marquesa","status":"publish","type":"post","link":"https:\/\/infogandia.es\/index.php\/2025\/01\/28\/arrancan-las-jornadas-de-debate-vecinal-de-fedaveins-en-la-casa-de-la-marquesa\/","title":{"rendered":"Arrancan las jornadas de debate vecinal de Fedave\u00efns en la Casa de la Marquesa"},"content":{"rendered":"\n<p>La Federaci\u00f3n de Asociaciones de Vecinos de Gandia (Fedave\u00efns) inaugura este jueves, 30 de enero, a las 18:30 horas, un ciclo de <strong>jornadas de debate vecinal<\/strong> que abordar\u00e1 temas clave como el urbanismo, el turismo, el comercio y el bienestar social. Estas jornadas, abiertas al p\u00fablico con entrada libre, tendr\u00e1n lugar en la <strong>Casa de la Marquesa<\/strong>, situada en el Paseo de las Germanies de Gandia.<\/p>\n\n\n\n<p>La primera sesi\u00f3n, titulada <em>&#8220;Gandia en construcci\u00f3n: hacia un nuevo modelo de urbanismo&#8221;<\/em>, contar\u00e1 con una estructura dividida en dos partes. La inauguraci\u00f3n estar\u00e1 a cargo del alcalde de Gandia, <strong>Jos\u00e9 Manuel Prieto Part<\/strong>, seguido de unas palabras de bienvenida de los organizadores, miembros de Fedave\u00efns, a las 18:35 horas.<\/p>\n\n\n\n<p>A las 18:40 horas dar\u00e1 comienzo la <strong>mesa redonda t\u00e9cnica<\/strong>, en la que destacados profesionales del urbanismo compartir\u00e1n su experiencia y visi\u00f3n sobre el desarrollo de la ciudad. Entre los ponentes estar\u00e1n:<\/p>\n\n\n\n<ul class=\"wp-block-list\">\n<li><strong>Camilo Peir\u00f3<\/strong>, presidente de la Asociaci\u00f3n de Promotores Inmobiliarios, Constructores y Agentes Urbanizadores de la Safor.<\/li>\n\n\n\n<li><strong>Blanca Pe\u00f1\u00edn<\/strong>, arquitecta urban\u00edstica del despacho Pe\u00f1\u00edn Arquitectos.<\/li>\n\n\n\n<li><strong>Josep Blasco<\/strong>, Jefe del Servicio de Infraestructuras y Planificaci\u00f3n Urban\u00edstica de Gandia.<\/li>\n\n\n\n<li><strong>Fernando Mut<\/strong>, arquitecto y ex director general de Arquitectura de la Generalitat Valenciana.<\/li>\n<\/ul>\n\n\n\n<p>La <strong>segunda parte de la jornada<\/strong>, prevista para las 19:35 horas, consistir\u00e1 en un <strong>debate pol\u00edtico<\/strong> en el que participar\u00e1n representantes de los partidos con presencia en el Ayuntamiento de Gandia:<\/p>\n\n\n\n<ul class=\"wp-block-list\">\n<li><strong>Adri\u00e1n Vila<\/strong> (PSOE).<\/li>\n\n\n\n<li><strong>V\u00edctor Soler<\/strong> (PP).<\/li>\n\n\n\n<li><strong>Al\u00edcia Izquierdo<\/strong> (M\u00e9s Gandia).<\/li>\n\n\n\n<li><strong>Manolo Millet<\/strong> (Vox).<\/li>\n<\/ul>\n\n\n\n<p>El evento concluir\u00e1 a las 20:30 horas con la clausura a cargo de <strong>Liduvina Gil<\/strong>, concejala de Participaci\u00f3n Ciudadana.<\/p>\n\n\n\n<p>Este ciclo de debates, organizado por Fedave\u00efns en colaboraci\u00f3n con el <strong>Ayuntamiento de Gandia<\/strong> y la <strong>Federaci\u00f3n Empresarial de la Safor (FAES)<\/strong>, tiene como objetivo principal <strong>dar voz a los vecinos<\/strong> y fomentar la participaci\u00f3n ciudadana en la construcci\u00f3n del futuro de la ciudad. Las pr\u00f3ximas jornadas abordar\u00e1n temas relacionados con el turismo, el comercio y el bienestar social, consolidando a Gandia como un referente en la gesti\u00f3n participativa y el di\u00e1logo ciudadano.<\/p>\n","protected":false},"excerpt":{"rendered":"<p>La Federaci\u00f3n de Asociaciones de Vecinos de Gandia (Fedave\u00efns) inaugura este jueves, 30 de enero, a las 18:30 horas, un ciclo de jornadas de debate vecinal que abordar\u00e1 temas clave como el urbanismo, el turismo, el comercio y el bienestar social. Estas jornadas, abiertas al p\u00fablico con entrada libre, tendr\u00e1n lugar en la Casa de&#8230;<\/p>\n","protected":false},"author":1,"featured_media":5487,"comment_status":"open","ping_status":"open","sticky":false,"template":"","format":"standard","meta":{"footnotes":""},"categories":[1,27],"tags":[],"class_list":["post-5495","post","type-post","status-publish","format-standard","has-post-thumbnail","hentry","category-actualidad","category-sociedad"],"_links":{"self":[{"href":"https:\/\/infogandia.es\/index.php\/wp-json\/wp\/v2\/posts\/5495","targetHints":{"allow":["GET"]}}],"collection":[{"href":"https:\/\/infogandia.es\/index.php\/wp-json\/wp\/v2\/posts"}],"about":[{"href":"https:\/\/infogandia.es\/index.php\/wp-json\/wp\/v2\/types\/post"}],"author":[{"embeddable":true,"href":"https:\/\/infogandia.es\/index.php\/wp-json\/wp\/v2\/users\/1"}],"replies":[{"embeddable":true,"href":"https:\/\/infogandia.es\/index.php\/wp-json\/wp\/v2\/comments?post=5495"}],"version-history":[{"count":1,"href":"https:\/\/infogandia.es\/index.php\/wp-json\/wp\/v2\/posts\/5495\/revisions"}],"predecessor-version":[{"id":5496,"href":"https:\/\/infogandia.es\/index.php\/wp-json\/wp\/v2\/posts\/5495\/revisions\/5496"}],"wp:featuredmedia":[{"embeddable":true,"href":"https:\/\/infogandia.es\/index.php\/wp-json\/wp\/v2\/media\/5487"}],"wp:attachment":[{"href":"https:\/\/infogandia.es\/index.php\/wp-json\/wp\/v2\/media?parent=5495"}],"wp:term":[{"taxonomy":"category","embeddable":true,"href":"https:\/\/infogandia.es\/index.php\/wp-json\/wp\/v2\/categories?post=5495"},{"taxonomy":"post_tag","embeddable":true,"href":"https:\/\/infogandia.es\/index.php\/wp-json\/wp\/v2\/tags?post=5495"}],"curies":[{"name":"wp","href":"https:\/\/api.w.org\/{rel}","templated":true}]}}