{"id":5497,"date":"2025-01-28T11:16:00","date_gmt":"2025-01-28T11:16:00","guid":{"rendered":"https:\/\/infogandia.es\/?p=5497"},"modified":"2025-01-28T11:16:00","modified_gmt":"2025-01-28T11:16:00","slug":"villalonga-celebrara-la-cursa-de-la-dona-a-beneficio-de-la-lucha-contra-el-cancer","status":"publish","type":"post","link":"https:\/\/infogandia.es\/index.php\/2025\/01\/28\/villalonga-celebrara-la-cursa-de-la-dona-a-beneficio-de-la-lucha-contra-el-cancer\/","title":{"rendered":"Villalonga celebrar\u00e1 la &#8220;Cursa de la Dona&#8221; a beneficio de la lucha contra el c\u00e1ncer"},"content":{"rendered":"\n<p>Villalonga se prepara para acoger el pr\u00f3ximo <strong>domingo 9 de marzo, a las 10:00 horas<\/strong>, la <strong>&#8220;Cursa de la Dona&#8221;<\/strong>, un evento deportivo solidario cuya recaudaci\u00f3n \u00edntegra estar\u00e1 destinada a la lucha contra el c\u00e1ncer. Esta iniciativa busca unir a la comunidad villalonguera en un gesto de solidaridad hacia una causa que afecta a tantas personas y familias.<\/p>\n\n\n\n<p>Las <strong>inscripciones<\/strong> para la carrera comienzan hoy en el <strong>Ayuntamiento de Villalonga<\/strong> con un coste simb\u00f3lico de <strong>5 euros<\/strong>, que ser\u00e1 \u00edntegramente donado para apoyar a organizaciones dedicadas a combatir el c\u00e1ncer. Adem\u00e1s, los participantes podr\u00e1n probar y elegir la talla de la <strong>camiseta oficial del evento<\/strong> hasta el pr\u00f3ximo 3 de marzo, garantizando as\u00ed que todos cuenten con este distintivo el d\u00eda de la carrera.<\/p>\n\n\n\n<p>Este evento no solo ser\u00e1 una oportunidad para practicar deporte, sino tambi\u00e9n una jornada cargada de solidaridad, en la que cada paso dado en el recorrido contribuir\u00e1 a la lucha contra el c\u00e1ncer. Desde el Ayuntamiento de Villalonga se anima a todos los ciudadanos a participar y sumarse a esta causa tan significativa.<\/p>\n","protected":false},"excerpt":{"rendered":"<p>Villalonga se prepara para acoger el pr\u00f3ximo domingo 9 de marzo, a las 10:00 horas, la &#8220;Cursa de la Dona&#8221;, un evento deportivo solidario cuya recaudaci\u00f3n \u00edntegra estar\u00e1 destinada a la lucha contra el c\u00e1ncer. Esta iniciativa busca unir a la comunidad villalonguera en un gesto de solidaridad hacia una causa que afecta a tantas&#8230;<\/p>\n","protected":false},"author":1,"featured_media":5488,"comment_status":"open","ping_status":"open","sticky":false,"template":"","format":"standard","meta":{"footnotes":""},"categories":[1,4],"tags":[],"class_list":["post-5497","post","type-post","status-publish","format-standard","has-post-thumbnail","hentry","category-actualidad","category-deporte"],"_links":{"self":[{"href":"https:\/\/infogandia.es\/index.php\/wp-json\/wp\/v2\/posts\/5497","targetHints":{"allow":["GET"]}}],"collection":[{"href":"https:\/\/infogandia.es\/index.php\/wp-json\/wp\/v2\/posts"}],"about":[{"href":"https:\/\/infogandia.es\/index.php\/wp-json\/wp\/v2\/types\/post"}],"author":[{"embeddable":true,"href":"https:\/\/infogandia.es\/index.php\/wp-json\/wp\/v2\/users\/1"}],"replies":[{"embeddable":true,"href":"https:\/\/infogandia.es\/index.php\/wp-json\/wp\/v2\/comments?post=5497"}],"version-history":[{"count":1,"href":"https:\/\/infogandia.es\/index.php\/wp-json\/wp\/v2\/posts\/5497\/revisions"}],"predecessor-version":[{"id":5498,"href":"https:\/\/infogandia.es\/index.php\/wp-json\/wp\/v2\/posts\/5497\/revisions\/5498"}],"wp:featuredmedia":[{"embeddable":true,"href":"https:\/\/infogandia.es\/index.php\/wp-json\/wp\/v2\/media\/5488"}],"wp:attachment":[{"href":"https:\/\/infogandia.es\/index.php\/wp-json\/wp\/v2\/media?parent=5497"}],"wp:term":[{"taxonomy":"category","embeddable":true,"href":"https:\/\/infogandia.es\/index.php\/wp-json\/wp\/v2\/categories?post=5497"},{"taxonomy":"post_tag","embeddable":true,"href":"https:\/\/infogandia.es\/index.php\/wp-json\/wp\/v2\/tags?post=5497"}],"curies":[{"name":"wp","href":"https:\/\/api.w.org\/{rel}","templated":true}]}}