{"id":5510,"date":"2025-01-29T12:08:14","date_gmt":"2025-01-29T12:08:14","guid":{"rendered":"https:\/\/infogandia.es\/?p=5510"},"modified":"2025-01-29T12:08:14","modified_gmt":"2025-01-29T12:08:14","slug":"gandia-reduce-el-paro-en-casi-un-4-y-aumenta-la-afiliacion-a-la-seguridad-social-mas-de-un-6-en-2024","status":"publish","type":"post","link":"https:\/\/infogandia.es\/index.php\/2025\/01\/29\/gandia-reduce-el-paro-en-casi-un-4-y-aumenta-la-afiliacion-a-la-seguridad-social-mas-de-un-6-en-2024\/","title":{"rendered":"Gandia reduce el paro en casi un 4% y aumenta la afiliaci\u00f3n a la Seguridad Social m\u00e1s de un 6% en 2024"},"content":{"rendered":"\n<p>La ciudad de Gandia ha experimentado una notable mejora en su mercado laboral durante 2024, con una reducci\u00f3n del paro del 3,77% y un aumento significativo en la afiliaci\u00f3n a la Seguridad Social del 6,1%. Los datos fueron presentados por Salvador Gregori, regidor delegado de Hacienda, y Elena Moncho, regidora de Econom\u00eda, Empresa y Ocupaci\u00f3n, quienes destacaron que estos resultados superan la media de la Comunidad Valenciana y ciudades similares.<\/p>\n\n\n\n<p>Seg\u00fan las cifras oficiales correspondientes al periodo de diciembre 2023 a diciembre 2024, Gandia ha logrado reducir en 181 personas su tasa de desempleo, lo que ha permitido que el n\u00famero total de desempleados se sit\u00fae en 5.192. En paralelo, la afiliaci\u00f3n a la Seguridad Social ha crecido en 1.299 personas, alcanzando un total de 22.656 afiliados. Este incremento refuerza la imagen de Gandia como un destino de oportunidades laborales y crecimiento econ\u00f3mico.<\/p>\n\n\n\n<p>Salvador Gregori atribuy\u00f3 este progreso a la consolidaci\u00f3n de Gandia como un lugar ideal para invertir y vivir, gracias a un entorno institucional fiable que facilita el desarrollo econ\u00f3mico. &#8220;Gandia es percibida como una ciudad de futuro con un entorno confiable y con oportunidades laborales en ascenso&#8221;, afirm\u00f3 Gregori.<\/p>\n\n\n\n<p>Desde diciembre de 2015 hasta diciembre de 2024, la reducci\u00f3n del paro en Gandia ha sido del 35,97%, lo que equivale a casi tres mil personas menos en situaci\u00f3n de desempleo. Esta cifra coloca a Gandia como la segunda ciudad de la Comunidad Valenciana con mayor descenso en las tasas de paro en ese per\u00edodo.<\/p>\n\n\n\n<p>Elena Moncho, por su parte, destac\u00f3 las acciones impulsadas por el Departamento de Promoci\u00f3n Econ\u00f3mica para incentivar la creaci\u00f3n de empleo y el apoyo a los emprendedores. Desde julio hasta final de 2024, el equipo ha asesorado a 66 emprendedores y ha colaborado en la creaci\u00f3n de 16 nuevas empresas, adem\u00e1s de ofrecer apoyo a otras 19. Tambi\u00e9n se han llevado a cabo cerca de 20 acciones formativas con 245 participantes, y se han gestionado 1.246 candidaturas de empleo, resultando en 29 inserciones laborales directas.<\/p>\n\n\n\n<p><strong><em>&#8220;Creemos que son cifras positivas, pero no nos conformamos. Seguiremos dando soporte a todas las personas, emprendedores y empresas que buscan asesoramiento y ayuda para mejorar su situaci\u00f3n o acceder al mercado laboral&#8221;,<\/em><\/strong> concluy\u00f3 Moncho.<\/p>\n\n\n\n<p>Adem\u00e1s, Gandia ha experimentado un crecimiento poblacional significativo, alcanzando en diciembre de 2024 una cifra de 84.855 habitantes, lo que subraya la atracci\u00f3n de la ciudad como lugar de residencia y desarrollo profesional. Este crecimiento est\u00e1 por encima de la media nacional, y Gregori destac\u00f3 que <strong><em>&#8220;Gandia est\u00e1 siendo capaz de absorber esta expansi\u00f3n gracias a un tejido econ\u00f3mico diversificado que atraviesa un buen momento&#8221;.<\/em><\/strong><\/p>\n\n\n\n<p>Con estos datos, Gandia se reafirma como una ciudad din\u00e1mica, con un entorno laboral en expansi\u00f3n y un futuro prometedor para los pr\u00f3ximos a\u00f1os.<\/p>\n","protected":false},"excerpt":{"rendered":"<p>La ciudad de Gandia ha experimentado una notable mejora en su mercado laboral durante 2024, con una reducci\u00f3n del paro del 3,77% y un aumento significativo en la afiliaci\u00f3n a la Seguridad Social del 6,1%. Los datos fueron presentados por Salvador Gregori, regidor delegado de Hacienda, y Elena Moncho, regidora de Econom\u00eda, Empresa y Ocupaci\u00f3n,&#8230;<\/p>\n","protected":false},"author":1,"featured_media":5505,"comment_status":"open","ping_status":"open","sticky":false,"template":"","format":"standard","meta":{"footnotes":""},"categories":[1,27],"tags":[],"class_list":["post-5510","post","type-post","status-publish","format-standard","has-post-thumbnail","hentry","category-actualidad","category-sociedad"],"_links":{"self":[{"href":"https:\/\/infogandia.es\/index.php\/wp-json\/wp\/v2\/posts\/5510","targetHints":{"allow":["GET"]}}],"collection":[{"href":"https:\/\/infogandia.es\/index.php\/wp-json\/wp\/v2\/posts"}],"about":[{"href":"https:\/\/infogandia.es\/index.php\/wp-json\/wp\/v2\/types\/post"}],"author":[{"embeddable":true,"href":"https:\/\/infogandia.es\/index.php\/wp-json\/wp\/v2\/users\/1"}],"replies":[{"embeddable":true,"href":"https:\/\/infogandia.es\/index.php\/wp-json\/wp\/v2\/comments?post=5510"}],"version-history":[{"count":1,"href":"https:\/\/infogandia.es\/index.php\/wp-json\/wp\/v2\/posts\/5510\/revisions"}],"predecessor-version":[{"id":5511,"href":"https:\/\/infogandia.es\/index.php\/wp-json\/wp\/v2\/posts\/5510\/revisions\/5511"}],"wp:featuredmedia":[{"embeddable":true,"href":"https:\/\/infogandia.es\/index.php\/wp-json\/wp\/v2\/media\/5505"}],"wp:attachment":[{"href":"https:\/\/infogandia.es\/index.php\/wp-json\/wp\/v2\/media?parent=5510"}],"wp:term":[{"taxonomy":"category","embeddable":true,"href":"https:\/\/infogandia.es\/index.php\/wp-json\/wp\/v2\/categories?post=5510"},{"taxonomy":"post_tag","embeddable":true,"href":"https:\/\/infogandia.es\/index.php\/wp-json\/wp\/v2\/tags?post=5510"}],"curies":[{"name":"wp","href":"https:\/\/api.w.org\/{rel}","templated":true}]}}