{"id":5512,"date":"2025-01-29T12:09:12","date_gmt":"2025-01-29T12:09:12","guid":{"rendered":"https:\/\/infogandia.es\/?p=5512"},"modified":"2025-01-29T12:09:12","modified_gmt":"2025-01-29T12:09:12","slug":"comienza-una-nueva-edicion-del-ciclo-de-conferencias-salud-y-bienestar-en-invierno","status":"publish","type":"post","link":"https:\/\/infogandia.es\/index.php\/2025\/01\/29\/comienza-una-nueva-edicion-del-ciclo-de-conferencias-salud-y-bienestar-en-invierno\/","title":{"rendered":"Comienza una nueva edici\u00f3n del ciclo de conferencias &#8216;Salud y Bienestar en Invierno&#8217;"},"content":{"rendered":"\n<p>La concejala de Sanidad y Pol\u00edticas Saludables, Liduvina Gil, y la t\u00e9cnica de su departamento, Eva Maur\u00ed, han presentado la nueva edici\u00f3n del ciclo de conferencias <em>&#8216;Salud y Bienestar en el Invierno&#8217;<\/em>. Esta iniciativa, que se retoma tras el \u00e9xito de ediciones anteriores, busca promover h\u00e1bitos de vida saludables entre los vecinos de Gandia y de sus barrios.<\/p>\n\n\n\n<p>Liduvina Gil destac\u00f3 que Gandia, como parte de la Red Espa\u00f1ola de Ciudades Saludables (RECS), ha consolidado su compromiso con el avance de pol\u00edticas municipales que favorezcan la mejora de la calidad de vida de su poblaci\u00f3n. &#8220;El estilo de vida, que incluye nuestra alimentaci\u00f3n, ejercicio f\u00edsico diario, relaciones sociales y descanso, es lo que determina nuestra salud y bienestar emocional, por lo que es fundamental que toda la poblaci\u00f3n adquiera herramientas para mantener y mejorar su salud, desde la infancia hasta la \u00faltima etapa de la vida&#8221;, afirm\u00f3 Gil.<\/p>\n\n\n\n<p>El ciclo de conferencias se desarrollar\u00e1 entre enero y marzo de 2024 y consistir\u00e1 en un total de 7 sesiones que se celebrar\u00e1n en diferentes centros de mayores y centros sociales de la ciudad, incluidos el Grau y Marxuquera. Las charlas estar\u00e1n enfocadas en temas relacionados con la salud f\u00edsica y mental, proporcionando a los asistentes herramientas para cuidar su bienestar.<\/p>\n\n\n\n<ul class=\"wp-block-list\">\n<li><strong>Jueves 30 de enero<\/strong>, 9:30 h, en el Centro Social de Benipeixcar: <em>&#8220;Prevenci\u00f3n y detecci\u00f3n del c\u00e1ncer de mama&#8221;<\/em>, a cargo de la enfermera M\u00edriam Salv\u00e0 (dirigido a la poblaci\u00f3n magreb\u00ed).<\/li>\n\n\n\n<li><strong>Viernes 7 de febrero<\/strong>, 17:30 h, en el Centro de Mayores de Corea: <em>&#8220;Sexualidad en la gente mayor&#8221;<\/em>, a cargo de Sex\u00f3logos sin Fronteras, con Vicent Bataller y Araceli Caballero.<\/li>\n\n\n\n<li><strong>Lunes 10 de febrero<\/strong>, 17:30 h, en el Centro de Mayores del Grau: <em>&#8220;Sexualidad en la gente mayor&#8221;<\/em>.<\/li>\n\n\n\n<li><strong>Mi\u00e9rcoles 19 de febrero<\/strong>, 17:30 h, en el Centro de Mayores del Grau: <em>&#8220;Recomendaciones pr\u00e1cticas en la osteopor\u00f3sis&#8221;<\/em>, a cargo de la enfermera M\u00edriam Salv\u00e0.<\/li>\n\n\n\n<li><strong>Viernes 21 de febrero<\/strong>, 11:30 h, en el Centro de Convivencia Ro\u00eds de Corella: <em>&#8220;Recomendaciones pr\u00e1cticas en la osteopor\u00f3sis&#8221;<\/em>, impartido por la enfermera M\u00edriam Salv\u00e0.<\/li>\n\n\n\n<li><strong>Martes 25 de febrero<\/strong>, 18:00 h, en el Centro Social de Marxuquera: <em>&#8220;La er\u00f3tica del placer&#8221;<\/em>, a cargo de Sex\u00f3logos sin Fronteras, con Vicent Bataller y Araceli Caballero.<\/li>\n\n\n\n<li><strong>Mi\u00e9rcoles 5 de marzo<\/strong>, 17:30 h, en el Centro Social de Marxuquera: <em>&#8220;Recomendaciones pr\u00e1cticas en la osteopor\u00f3sis&#8221;<\/em>, impartido por la enfermera M\u00edriam Salv\u00e0.<\/li>\n<\/ul>\n\n\n\n<p>Eva Maur\u00ed, por su parte, tambi\u00e9n destac\u00f3 que en esta edici\u00f3n se incluir\u00e1 una acci\u00f3n dirigida a la poblaci\u00f3n adolescente, consistente en una obra de teatro que abordar\u00e1 las primeras experiencias sexuales de tres j\u00f3venes, con el objetivo de trabajar la educaci\u00f3n afectivo-sexual con motivo del D\u00eda Europeo de la Salud Sexual.<\/p>\n\n\n\n<p>Todas estas actividades son gratuitas y de entrada libre hasta completar aforo. Para obtener m\u00e1s informaci\u00f3n, los interesados pueden consultar la web del Ayuntamiento de Gandia, en el apartado del Departamento de Sanidad, Pol\u00edticas Saludables y Calidad de Vida, o llamar al 96 295 96 41.<\/p>\n\n\n\n<p>El ciclo de conferencias ofrece una excelente oportunidad para mejorar la salud y el bienestar de la comunidad, y se enmarca dentro de los esfuerzos continuos del Ayuntamiento por promover un estilo de vida saludable para todos los ciudadanos.<\/p>\n\n\n\n<figure class=\"wp-block-image size-large\"><img fetchpriority=\"high\" decoding=\"async\" width=\"1024\" height=\"683\" src=\"http:\/\/infogandia.es\/wp-content\/uploads\/2025\/01\/250129-frances_250129_4793-1024x683.jpg\" alt=\"\" class=\"wp-image-5506\" srcset=\"https:\/\/infogandia.es\/wp-content\/uploads\/2025\/01\/250129-frances_250129_4793-1024x683.jpg 1024w, https:\/\/infogandia.es\/wp-content\/uploads\/2025\/01\/250129-frances_250129_4793-300x200.jpg 300w, https:\/\/infogandia.es\/wp-content\/uploads\/2025\/01\/250129-frances_250129_4793-768x512.jpg 768w, https:\/\/infogandia.es\/wp-content\/uploads\/2025\/01\/250129-frances_250129_4793-1536x1024.jpg 1536w, https:\/\/infogandia.es\/wp-content\/uploads\/2025\/01\/250129-frances_250129_4793-600x400.jpg 600w, https:\/\/infogandia.es\/wp-content\/uploads\/2025\/01\/250129-frances_250129_4793.jpg 1600w\" sizes=\"(max-width: 1024px) 100vw, 1024px\" \/><\/figure>\n","protected":false},"excerpt":{"rendered":"<p>La concejala de Sanidad y Pol\u00edticas Saludables, Liduvina Gil, y la t\u00e9cnica de su departamento, Eva Maur\u00ed, han presentado la nueva edici\u00f3n del ciclo de conferencias &#8216;Salud y Bienestar en el Invierno&#8217;. Esta iniciativa, que se retoma tras el \u00e9xito de ediciones anteriores, busca promover h\u00e1bitos de vida saludables entre los vecinos de Gandia y&#8230;<\/p>\n","protected":false},"author":1,"featured_media":5507,"comment_status":"open","ping_status":"open","sticky":false,"template":"","format":"standard","meta":{"footnotes":""},"categories":[1,27],"tags":[],"class_list":["post-5512","post","type-post","status-publish","format-standard","has-post-thumbnail","hentry","category-actualidad","category-sociedad"],"_links":{"self":[{"href":"https:\/\/infogandia.es\/index.php\/wp-json\/wp\/v2\/posts\/5512","targetHints":{"allow":["GET"]}}],"collection":[{"href":"https:\/\/infogandia.es\/index.php\/wp-json\/wp\/v2\/posts"}],"about":[{"href":"https:\/\/infogandia.es\/index.php\/wp-json\/wp\/v2\/types\/post"}],"author":[{"embeddable":true,"href":"https:\/\/infogandia.es\/index.php\/wp-json\/wp\/v2\/users\/1"}],"replies":[{"embeddable":true,"href":"https:\/\/infogandia.es\/index.php\/wp-json\/wp\/v2\/comments?post=5512"}],"version-history":[{"count":1,"href":"https:\/\/infogandia.es\/index.php\/wp-json\/wp\/v2\/posts\/5512\/revisions"}],"predecessor-version":[{"id":5513,"href":"https:\/\/infogandia.es\/index.php\/wp-json\/wp\/v2\/posts\/5512\/revisions\/5513"}],"wp:featuredmedia":[{"embeddable":true,"href":"https:\/\/infogandia.es\/index.php\/wp-json\/wp\/v2\/media\/5507"}],"wp:attachment":[{"href":"https:\/\/infogandia.es\/index.php\/wp-json\/wp\/v2\/media?parent=5512"}],"wp:term":[{"taxonomy":"category","embeddable":true,"href":"https:\/\/infogandia.es\/index.php\/wp-json\/wp\/v2\/categories?post=5512"},{"taxonomy":"post_tag","embeddable":true,"href":"https:\/\/infogandia.es\/index.php\/wp-json\/wp\/v2\/tags?post=5512"}],"curies":[{"name":"wp","href":"https:\/\/api.w.org\/{rel}","templated":true}]}}