{"id":5514,"date":"2025-01-30T09:02:26","date_gmt":"2025-01-30T09:02:26","guid":{"rendered":"https:\/\/infogandia.es\/?p=5514"},"modified":"2025-01-30T09:02:26","modified_gmt":"2025-01-30T09:02:26","slug":"abierto-el-plazo-de-inscripcion-para-la-xvi-edicion-de-la-cursa-de-la-dona-vicky-foods-de-gandia","status":"publish","type":"post","link":"https:\/\/infogandia.es\/index.php\/2025\/01\/30\/abierto-el-plazo-de-inscripcion-para-la-xvi-edicion-de-la-cursa-de-la-dona-vicky-foods-de-gandia\/","title":{"rendered":"Abierto el plazo de inscripci\u00f3n para la XVI edici\u00f3n de la &#8216;Cursa de la Dona Vicky Foods&#8217; de Gandia"},"content":{"rendered":"\n<p>El concejal delegado de Deportes, Jes\u00fas Naveiro, acompa\u00f1ado por el presidente del Club de Atletismo Safor Teika, Vicent Bosc\u00e0, ha comparecido en rueda de prensa para presentar la XVI edici\u00f3n de la Cursa de la Dona Vicky Foods 2025, que se celebrar\u00e1 el pr\u00f3ximo 6 de abril a partir de las 10.30 horas.<\/p>\n\n\n\n<p>\u201cEs uno de los eventos deportivos m\u00e1s grandes de la ciudad, en el que puede participar pr\u00e1cticamente cualquier mujer, incluso aquellas que no sean deportistas. Se puede hacer caminando perfectamente\u201d, afirm\u00f3 el concejal, quien record\u00f3 que el a\u00f1o pasado participaron cerca de 5.000 mujeres que disfrutaron de un recorrido muy ambientado.<\/p>\n\n\n\n<p>Naveiro destac\u00f3 que el recorrido ser\u00e1 el mismo de todos los a\u00f1os y expres\u00f3 su deseo de que \u201cla ciudad se vuelque con esta carrera que convierte nuestras calles en una fiesta del deporte y la solidaridad\u201d.<\/p>\n\n\n\n<p>Por su parte, Bosc\u00e0 inform\u00f3 que el recorrido comenzar\u00e1 y terminar\u00e1 en la avenida de les Esclaves, desde donde las participantes recorrer\u00e1n un circuito de 5,9 kil\u00f3metros que pasar\u00e1 por parte de Benirredr\u00e0 y el centro hist\u00f3rico de Gandia.<\/p>\n\n\n\n<p>En cuanto a la camiseta de este a\u00f1o, y tras la votaci\u00f3n correspondiente en redes sociales, se ha elegido el color rosa.<\/p>\n\n\n\n<p>Las inscripciones ya est\u00e1n abiertas en <a href=\"http:\/\/www.cursadeladonagandia.com\">www.cursadeladonagandia.com<\/a> y en los establecimientos colaboradores situados en Gandia y otras poblaciones de la Safor y comarcas vecinas. Las inscripciones tendr\u00e1n un precio de 7 euros (1 euro solidario) hasta el 25 de marzo. Desde esa fecha y hasta el 1 de abril, el precio ser\u00e1 de 10 euros, de los cuales 2 euros se destinar\u00e1n a causas solidarias. Adem\u00e1s, se fomentar\u00e1 la inscripci\u00f3n en los centros escolares, donde los alumnos podr\u00e1n participar en el concurso de relatos.<\/p>\n\n\n\n<p>Tal como explic\u00f3 Bosc\u00e0, las participantes tendr\u00e1n la oportunidad de prepararse para la prueba con un entrenador durante los meses de marzo y abril. Las fechas y ubicaciones exactas se compartir\u00e1n pr\u00f3ximamente en las redes sociales del evento.<\/p>\n\n\n\n<p>Respecto al proyecto social de este a\u00f1o, el presidente del Club inform\u00f3 que los fondos se destinar\u00e1n a un proyecto promovido por la EVAP (Asociaci\u00f3n de Empresarias y Profesionales de Valencia).<\/p>\n\n\n\n<p>Finalmente, Bosc\u00e0 quiso agradecer la implicaci\u00f3n de la Fundaci\u00f3n Vicky Foods, los Ayuntamientos de Gandia y Benirredr\u00e0, as\u00ed como a todas las empresas y entidades colaboradoras.<\/p>\n","protected":false},"excerpt":{"rendered":"<p>El concejal delegado de Deportes, Jes\u00fas Naveiro, acompa\u00f1ado por el presidente del Club de Atletismo Safor Teika, Vicent Bosc\u00e0, ha comparecido en rueda de prensa para presentar la XVI edici\u00f3n de la Cursa de la Dona Vicky Foods 2025, que se celebrar\u00e1 el pr\u00f3ximo 6 de abril a partir de las 10.30 horas. \u201cEs uno&#8230;<\/p>\n","protected":false},"author":1,"featured_media":5516,"comment_status":"open","ping_status":"open","sticky":false,"template":"","format":"standard","meta":{"footnotes":""},"categories":[1,4],"tags":[],"class_list":["post-5514","post","type-post","status-publish","format-standard","has-post-thumbnail","hentry","category-actualidad","category-deporte"],"_links":{"self":[{"href":"https:\/\/infogandia.es\/index.php\/wp-json\/wp\/v2\/posts\/5514","targetHints":{"allow":["GET"]}}],"collection":[{"href":"https:\/\/infogandia.es\/index.php\/wp-json\/wp\/v2\/posts"}],"about":[{"href":"https:\/\/infogandia.es\/index.php\/wp-json\/wp\/v2\/types\/post"}],"author":[{"embeddable":true,"href":"https:\/\/infogandia.es\/index.php\/wp-json\/wp\/v2\/users\/1"}],"replies":[{"embeddable":true,"href":"https:\/\/infogandia.es\/index.php\/wp-json\/wp\/v2\/comments?post=5514"}],"version-history":[{"count":1,"href":"https:\/\/infogandia.es\/index.php\/wp-json\/wp\/v2\/posts\/5514\/revisions"}],"predecessor-version":[{"id":5518,"href":"https:\/\/infogandia.es\/index.php\/wp-json\/wp\/v2\/posts\/5514\/revisions\/5518"}],"wp:featuredmedia":[{"embeddable":true,"href":"https:\/\/infogandia.es\/index.php\/wp-json\/wp\/v2\/media\/5516"}],"wp:attachment":[{"href":"https:\/\/infogandia.es\/index.php\/wp-json\/wp\/v2\/media?parent=5514"}],"wp:term":[{"taxonomy":"category","embeddable":true,"href":"https:\/\/infogandia.es\/index.php\/wp-json\/wp\/v2\/categories?post=5514"},{"taxonomy":"post_tag","embeddable":true,"href":"https:\/\/infogandia.es\/index.php\/wp-json\/wp\/v2\/tags?post=5514"}],"curies":[{"name":"wp","href":"https:\/\/api.w.org\/{rel}","templated":true}]}}