{"id":5519,"date":"2025-01-30T09:03:26","date_gmt":"2025-01-30T09:03:26","guid":{"rendered":"https:\/\/infogandia.es\/?p=5519"},"modified":"2025-01-30T09:03:26","modified_gmt":"2025-01-30T09:03:26","slug":"la-casa-de-la-marquesa-acoge-este-sabado-la-iniciativa-proyecto-rosa-para-ayudar-a-los-pacientes-de-cancer-y-sus-familias","status":"publish","type":"post","link":"https:\/\/infogandia.es\/index.php\/2025\/01\/30\/la-casa-de-la-marquesa-acoge-este-sabado-la-iniciativa-proyecto-rosa-para-ayudar-a-los-pacientes-de-cancer-y-sus-familias\/","title":{"rendered":"La Casa de la Marquesa acoge este s\u00e1bado la iniciativa &#8216;Proyecto Rosa&#8217; para ayudar a los pacientes de c\u00e1ncer y sus familias"},"content":{"rendered":"\n<p>La concejala delegada de Sanidad, Liduvina Gil, la presidenta de la Asociaci\u00f3n Espa\u00f1ola Contra el C\u00e1ncer en Gandia, Evelyne Cieslak; la representante del Rotary Club Gandia Ducal, Victoria Mart\u00ed, y la onc\u00f3loga, Raquel P\u00e9rez, han presentado la iniciativa <em>\u201cProyecto Rosa\u201d<\/em>, que se celebrar\u00e1 el pr\u00f3ximo 1 de febrero a partir de las 10.30 horas en la Casa de la Marquesa.<\/p>\n\n\n\n<p>Una iniciativa gratuita que, tal como ha explicado Gil, tiene como objetivo ayudar a todas las personas con c\u00e1ncer y a sus familias a afrontar la enfermedad.<\/p>\n\n\n\n<p><strong><em>\u201cEl objetivo es aportar bienestar emocional a los pacientes de c\u00e1ncer. Es cierto que los tratamientos son cada vez m\u00e1s espec\u00edficos y mejoran los resultados, pero tambi\u00e9n es cierto que el n\u00famero de afectados sigue creciendo\u201d<\/em><\/strong>, afirm\u00f3 la edil, quien record\u00f3 que aspectos de la vida diaria como la alimentaci\u00f3n o la actividad f\u00edsica ayudan a reducir el riesgo de padecer c\u00e1ncer.<\/p>\n\n\n\n<p>El programa de la jornada consta de diferentes conferencias que tratar\u00e1n temas como la perspectiva integrativa en pacientes oncol\u00f3gicos, c\u00f3mo prevenir los problemas comunes durante el tratamiento, y aspectos relacionados con la nutrici\u00f3n, la fisioterapia, la psicolog\u00eda y los cuidados de enfermer\u00eda oncol\u00f3gica.<\/p>\n\n\n\n<figure class=\"wp-block-image size-large\"><img fetchpriority=\"high\" decoding=\"async\" width=\"1024\" height=\"683\" src=\"https:\/\/infogandia.es\/wp-content\/uploads\/2025\/01\/250129-frances_250129_4717-1-1024x683.jpg\" alt=\"\" class=\"wp-image-5520\" srcset=\"https:\/\/infogandia.es\/wp-content\/uploads\/2025\/01\/250129-frances_250129_4717-1-1024x683.jpg 1024w, https:\/\/infogandia.es\/wp-content\/uploads\/2025\/01\/250129-frances_250129_4717-1-300x200.jpg 300w, https:\/\/infogandia.es\/wp-content\/uploads\/2025\/01\/250129-frances_250129_4717-1-768x512.jpg 768w, https:\/\/infogandia.es\/wp-content\/uploads\/2025\/01\/250129-frances_250129_4717-1-1536x1024.jpg 1536w, https:\/\/infogandia.es\/wp-content\/uploads\/2025\/01\/250129-frances_250129_4717-1-600x400.jpg 600w, https:\/\/infogandia.es\/wp-content\/uploads\/2025\/01\/250129-frances_250129_4717-1.jpg 1600w\" sizes=\"(max-width: 1024px) 100vw, 1024px\" \/><\/figure>\n\n\n\n<p>Cieslak se mostr\u00f3 muy satisfecha con esta nueva iniciativa. <strong><em>\u201cQueremos agradecer al Rotary su implicaci\u00f3n porque creemos que podremos ayudar a los pacientes de c\u00e1ncer a gestionar las situaciones que la enfermedad provoca y ofrecer respuestas a las preguntas que muchas veces surgen\u201d.<\/em><\/strong><\/p>\n\n\n\n<p>Por su parte, Mart\u00ed destac\u00f3 que, adem\u00e1s de las charlas, el objetivo es <strong><em>\u201cbrindar apoyo y calor a los pacientes y sus familias. Queremos que se animen a participar, ya que proporcionaremos consejos importantes y valiosos\u201d.<\/em><\/strong><\/p>\n\n\n\n<p>Finalmente, P\u00e9rez explic\u00f3 que <strong><em>\u201cdesde el punto de vista m\u00e9dico se puede hacer mucho. Desde la perspectiva de la medicina integrativa podemos ayudarles a mejorar su calidad de vida, a que se sientan mejor y enfrenten con m\u00e1s \u00e1nimo una situaci\u00f3n tan dif\u00edcil como esta\u201d.<\/em><\/strong><\/p>\n","protected":false},"excerpt":{"rendered":"<p>La concejala delegada de Sanidad, Liduvina Gil, la presidenta de la Asociaci\u00f3n Espa\u00f1ola Contra el C\u00e1ncer en Gandia, Evelyne Cieslak; la representante del Rotary Club Gandia Ducal, Victoria Mart\u00ed, y la onc\u00f3loga, Raquel P\u00e9rez, han presentado la iniciativa \u201cProyecto Rosa\u201d, que se celebrar\u00e1 el pr\u00f3ximo 1 de febrero a partir de las 10.30 horas en&#8230;<\/p>\n","protected":false},"author":1,"featured_media":5517,"comment_status":"open","ping_status":"open","sticky":false,"template":"","format":"standard","meta":{"footnotes":""},"categories":[1,27],"tags":[],"class_list":["post-5519","post","type-post","status-publish","format-standard","has-post-thumbnail","hentry","category-actualidad","category-sociedad"],"_links":{"self":[{"href":"https:\/\/infogandia.es\/index.php\/wp-json\/wp\/v2\/posts\/5519","targetHints":{"allow":["GET"]}}],"collection":[{"href":"https:\/\/infogandia.es\/index.php\/wp-json\/wp\/v2\/posts"}],"about":[{"href":"https:\/\/infogandia.es\/index.php\/wp-json\/wp\/v2\/types\/post"}],"author":[{"embeddable":true,"href":"https:\/\/infogandia.es\/index.php\/wp-json\/wp\/v2\/users\/1"}],"replies":[{"embeddable":true,"href":"https:\/\/infogandia.es\/index.php\/wp-json\/wp\/v2\/comments?post=5519"}],"version-history":[{"count":1,"href":"https:\/\/infogandia.es\/index.php\/wp-json\/wp\/v2\/posts\/5519\/revisions"}],"predecessor-version":[{"id":5521,"href":"https:\/\/infogandia.es\/index.php\/wp-json\/wp\/v2\/posts\/5519\/revisions\/5521"}],"wp:featuredmedia":[{"embeddable":true,"href":"https:\/\/infogandia.es\/index.php\/wp-json\/wp\/v2\/media\/5517"}],"wp:attachment":[{"href":"https:\/\/infogandia.es\/index.php\/wp-json\/wp\/v2\/media?parent=5519"}],"wp:term":[{"taxonomy":"category","embeddable":true,"href":"https:\/\/infogandia.es\/index.php\/wp-json\/wp\/v2\/categories?post=5519"},{"taxonomy":"post_tag","embeddable":true,"href":"https:\/\/infogandia.es\/index.php\/wp-json\/wp\/v2\/tags?post=5519"}],"curies":[{"name":"wp","href":"https:\/\/api.w.org\/{rel}","templated":true}]}}