{"id":5527,"date":"2025-01-30T15:57:37","date_gmt":"2025-01-30T15:57:37","guid":{"rendered":"https:\/\/infogandia.es\/?p=5527"},"modified":"2025-01-30T15:57:37","modified_gmt":"2025-01-30T15:57:37","slug":"la-fvmp-presenta-en-fitur-el-nuevo-enfoque-de-terra-de-festes","status":"publish","type":"post","link":"https:\/\/infogandia.es\/index.php\/2025\/01\/30\/la-fvmp-presenta-en-fitur-el-nuevo-enfoque-de-terra-de-festes\/","title":{"rendered":"La FVMP presenta en FITUR el nuevo enfoque de &#8220;Terra de Festes&#8221;"},"content":{"rendered":"\n<p>En el marco de FITUR 2025, Miguel Bailach, secretario general de la Federaci\u00f3n Valenciana de Municipios y Provincias (FVMP), present\u00f3 la renovada plataforma <em>&#8220;Terra de Festes: Cultura i Tradici\u00f3&#8221;<\/em>, un proyecto estrat\u00e9gico desarrollado en colaboraci\u00f3n con la Generalitat Valenciana. La presentaci\u00f3n tuvo lugar en la Plaza Central de la Comunidad Valenciana en FITUR y destac\u00f3 el compromiso institucional con la recuperaci\u00f3n de los municipios y el fortalecimiento del tejido cultural y econ\u00f3mico de la Comunitat Valenciana.<\/p>\n\n\n\n<p>Durante su intervenci\u00f3n, Bailach gui\u00f3 a los asistentes a trav\u00e9s de un recorrido virtual por las nuevas funcionalidades de la plataforma y subray\u00f3 su papel clave en la revitalizaci\u00f3n de las fiestas locales. <em>&#8220;Terra de Festes, adem\u00e1s de impulsar y dar visibilidad a nuestras tradiciones, en 2025 se convierte en una herramienta de empat\u00eda y reconstrucci\u00f3n, ayudando a nuestros municipios a recuperar la vitalidad de sus festividades tras las riadas&#8221;<\/em>, afirm\u00f3 Bailach. Asimismo, destac\u00f3 que <em>&#8220;las fiestas municipales son un motor de uni\u00f3n y recuperaci\u00f3n econ\u00f3mica para nuestros municipios&#8221;<\/em>.<\/p>\n\n\n\n<p>El evento cont\u00f3 con la presencia de destacadas autoridades auton\u00f3micas, provinciales y locales, que respaldaron la iniciativa como un elemento fundamental para la recuperaci\u00f3n cultural y tur\u00edstica de la Comunitat Valenciana. Entre los asistentes estuvieron Jos\u00e9 Manuel Camarero, secretario auton\u00f3mico de Turismo, e Israel Mart\u00ednez, director general de Turismo.<\/p>\n\n\n\n<p>La plataforma <em>Terra de Festes<\/em>, que ya alcanza a m\u00e1s de 15 pa\u00edses, ha experimentado un crecimiento significativo gracias a la integraci\u00f3n de nuevas tecnolog\u00edas y funcionalidades interactivas. Su impacto internacional se ha consolidado en mercados clave como Estados Unidos, Alemania y Francia. En 2024, la plataforma duplic\u00f3 su alcance global, posicionando a la Comunitat Valenciana como un referente cultural y tur\u00edstico.<\/p>\n","protected":false},"excerpt":{"rendered":"<p>En el marco de FITUR 2025, Miguel Bailach, secretario general de la Federaci\u00f3n Valenciana de Municipios y Provincias (FVMP), present\u00f3 la renovada plataforma &#8220;Terra de Festes: Cultura i Tradici\u00f3&#8221;, un proyecto estrat\u00e9gico desarrollado en colaboraci\u00f3n con la Generalitat Valenciana. La presentaci\u00f3n tuvo lugar en la Plaza Central de la Comunidad Valenciana en FITUR y destac\u00f3&#8230;<\/p>\n","protected":false},"author":1,"featured_media":5523,"comment_status":"open","ping_status":"open","sticky":false,"template":"","format":"standard","meta":{"footnotes":""},"categories":[1],"tags":[],"class_list":["post-5527","post","type-post","status-publish","format-standard","has-post-thumbnail","hentry","category-actualidad"],"_links":{"self":[{"href":"https:\/\/infogandia.es\/index.php\/wp-json\/wp\/v2\/posts\/5527","targetHints":{"allow":["GET"]}}],"collection":[{"href":"https:\/\/infogandia.es\/index.php\/wp-json\/wp\/v2\/posts"}],"about":[{"href":"https:\/\/infogandia.es\/index.php\/wp-json\/wp\/v2\/types\/post"}],"author":[{"embeddable":true,"href":"https:\/\/infogandia.es\/index.php\/wp-json\/wp\/v2\/users\/1"}],"replies":[{"embeddable":true,"href":"https:\/\/infogandia.es\/index.php\/wp-json\/wp\/v2\/comments?post=5527"}],"version-history":[{"count":1,"href":"https:\/\/infogandia.es\/index.php\/wp-json\/wp\/v2\/posts\/5527\/revisions"}],"predecessor-version":[{"id":5528,"href":"https:\/\/infogandia.es\/index.php\/wp-json\/wp\/v2\/posts\/5527\/revisions\/5528"}],"wp:featuredmedia":[{"embeddable":true,"href":"https:\/\/infogandia.es\/index.php\/wp-json\/wp\/v2\/media\/5523"}],"wp:attachment":[{"href":"https:\/\/infogandia.es\/index.php\/wp-json\/wp\/v2\/media?parent=5527"}],"wp:term":[{"taxonomy":"category","embeddable":true,"href":"https:\/\/infogandia.es\/index.php\/wp-json\/wp\/v2\/categories?post=5527"},{"taxonomy":"post_tag","embeddable":true,"href":"https:\/\/infogandia.es\/index.php\/wp-json\/wp\/v2\/tags?post=5527"}],"curies":[{"name":"wp","href":"https:\/\/api.w.org\/{rel}","templated":true}]}}