{"id":5532,"date":"2025-01-30T16:00:00","date_gmt":"2025-01-30T16:00:00","guid":{"rendered":"https:\/\/infogandia.es\/?p=5532"},"modified":"2025-01-30T16:05:09","modified_gmt":"2025-01-30T16:05:09","slug":"la-felib-transfiere-1-millon-de-euros-a-la-fvmp-para-ayudar-a-los-municipios-afectados-por-las-riadas","status":"publish","type":"post","link":"https:\/\/infogandia.es\/index.php\/2025\/01\/30\/la-felib-transfiere-1-millon-de-euros-a-la-fvmp-para-ayudar-a-los-municipios-afectados-por-las-riadas\/","title":{"rendered":"La FELIB transfiere 1 mill\u00f3n de euros a la FVMP para ayudar a los municipios afectados por las riadas"},"content":{"rendered":"\n<p>En un acto de solidaridad y cooperaci\u00f3n interinstitucional, la <em>Federaci\u00f3 d\u2019Entitats Locals de les Illes Balears<\/em> (FELIB) ha transferido 1 mill\u00f3n de euros a la <em>Federaci\u00f3n Valenciana de Municipios y Provincias<\/em> (FVMP) para apoyar a los municipios de la Comunitat Valenciana afectados por las riadas de octubre de 2024.<\/p>\n\n\n\n<p>Este importe, recaudado a trav\u00e9s de una campa\u00f1a de donaciones impulsada en las Illes Balears, se destinar\u00e1 a la recuperaci\u00f3n de infraestructuras municipales da\u00f1adas por las intensas lluvias e inundaciones que impactaron especialmente la provincia de Valencia el pasado 29 de octubre.<\/p>\n\n\n\n<p>El convenio de colaboraci\u00f3n fue firmado por <strong>Jaume Ferriol<\/strong>, presidente de la FELIB, y <strong>Juan Manuel Cerd\u00e1<\/strong>, presidente en funciones de la FVMP, en presencia de <strong>Neus Serra<\/strong>, secretaria general de la FELIB, y <strong>Miguel Bailach<\/strong>, secretario general de la FVMP. Este acuerdo garantiza que los fondos sean gestionados de manera eficiente y transparente, priorizando la reparaci\u00f3n de carreteras, edificios municipales y otros servicios esenciales, con especial atenci\u00f3n a los colectivos m\u00e1s vulnerables.<\/p>\n\n\n\n<h3 class=\"wp-block-heading\"><strong>Un compromiso con la recuperaci\u00f3n de los municipios<\/strong><\/h3>\n\n\n\n<p>Juan Manuel Cerd\u00e1, presidente en funciones de la FVMP, destac\u00f3 la importancia de esta ayuda:<\/p>\n\n\n\n<p><em>&#8220;Este mill\u00f3n de euros que hemos recibido es fundamental para la recuperaci\u00f3n de nuestros municipios. Agradecemos profundamente la solidaridad de las Illes Balears, que una vez m\u00e1s nos ha mostrado su apoyo en momentos de necesidad. Gracias a esta aportaci\u00f3n, podremos acelerar las obras de reparaci\u00f3n y dar respuesta a las necesidades m\u00e1s urgentes de nuestras localidades afectadas por las riadas.&#8221;<\/em><\/p>\n\n\n\n<p>Por su parte, Jaume Ferriol, presidente de la FELIB, subray\u00f3 la necesidad de actuar con rapidez:<\/p>\n\n\n\n<p><em>&#8220;Desde las Illes Balears, hemos trabajado con la convicci\u00f3n de que, ante una tragedia de esta magnitud, la solidaridad interinstitucional es clave para la reconstrucci\u00f3n. La cooperaci\u00f3n entre territorios es esencial para que los municipios m\u00e1s afectados puedan recuperar su normalidad cuanto antes.&#8221;<\/em><\/p>\n\n\n\n<h3 class=\"wp-block-heading\"><strong>Transparencia y compatibilidad con otras ayudas<\/strong><\/h3>\n\n\n\n<p>El acuerdo establece que la FVMP ser\u00e1 responsable de distribuir los fondos a los municipios valencianos que cumplan con los requisitos establecidos en las bases reguladoras de la subvenci\u00f3n. Adem\u00e1s, se implementar\u00e1 un <strong>sistema de control y seguimiento<\/strong> para garantizar que los recursos se utilicen exclusivamente en la recuperaci\u00f3n de los da\u00f1os ocasionados por las riadas, cumpliendo con los principios de <strong>transparencia y buen gobierno<\/strong>.<\/p>\n\n\n\n<p>Asimismo, se ha acordado que estas ayudas ser\u00e1n compatibles con otras subvenciones, lo que permitir\u00e1 maximizar los recursos destinados a la recuperaci\u00f3n de la Comunitat Valenciana.<\/p>\n\n\n\n<h3 class=\"wp-block-heading\"><strong>Solidaridad y cooperaci\u00f3n interterritorial<\/strong><\/h3>\n\n\n\n<p>Con esta colaboraci\u00f3n, la FELIB y la FVMP refuerzan su compromiso con la <strong>solidaridad territorial<\/strong>, demostrando que, en momentos de crisis, la unidad y la cooperaci\u00f3n entre instituciones son fundamentales para superar los desaf\u00edos y apoyar a las comunidades m\u00e1s afectadas.<\/p>\n","protected":false},"excerpt":{"rendered":"<p>En un acto de solidaridad y cooperaci\u00f3n interinstitucional, la Federaci\u00f3 d\u2019Entitats Locals de les Illes Balears (FELIB) ha transferido 1 mill\u00f3n de euros a la Federaci\u00f3n Valenciana de Municipios y Provincias (FVMP) para apoyar a los municipios de la Comunitat Valenciana afectados por las riadas de octubre de 2024. Este importe, recaudado a trav\u00e9s de&#8230;<\/p>\n","protected":false},"author":1,"featured_media":5533,"comment_status":"open","ping_status":"open","sticky":false,"template":"","format":"standard","meta":{"footnotes":""},"categories":[1,27],"tags":[],"class_list":["post-5532","post","type-post","status-publish","format-standard","has-post-thumbnail","hentry","category-actualidad","category-sociedad"],"_links":{"self":[{"href":"https:\/\/infogandia.es\/index.php\/wp-json\/wp\/v2\/posts\/5532","targetHints":{"allow":["GET"]}}],"collection":[{"href":"https:\/\/infogandia.es\/index.php\/wp-json\/wp\/v2\/posts"}],"about":[{"href":"https:\/\/infogandia.es\/index.php\/wp-json\/wp\/v2\/types\/post"}],"author":[{"embeddable":true,"href":"https:\/\/infogandia.es\/index.php\/wp-json\/wp\/v2\/users\/1"}],"replies":[{"embeddable":true,"href":"https:\/\/infogandia.es\/index.php\/wp-json\/wp\/v2\/comments?post=5532"}],"version-history":[{"count":1,"href":"https:\/\/infogandia.es\/index.php\/wp-json\/wp\/v2\/posts\/5532\/revisions"}],"predecessor-version":[{"id":5534,"href":"https:\/\/infogandia.es\/index.php\/wp-json\/wp\/v2\/posts\/5532\/revisions\/5534"}],"wp:featuredmedia":[{"embeddable":true,"href":"https:\/\/infogandia.es\/index.php\/wp-json\/wp\/v2\/media\/5533"}],"wp:attachment":[{"href":"https:\/\/infogandia.es\/index.php\/wp-json\/wp\/v2\/media?parent=5532"}],"wp:term":[{"taxonomy":"category","embeddable":true,"href":"https:\/\/infogandia.es\/index.php\/wp-json\/wp\/v2\/categories?post=5532"},{"taxonomy":"post_tag","embeddable":true,"href":"https:\/\/infogandia.es\/index.php\/wp-json\/wp\/v2\/tags?post=5532"}],"curies":[{"name":"wp","href":"https:\/\/api.w.org\/{rel}","templated":true}]}}