{"id":5535,"date":"2025-02-03T10:35:53","date_gmt":"2025-02-03T10:35:53","guid":{"rendered":"https:\/\/infogandia.es\/?p=5535"},"modified":"2025-02-03T10:35:53","modified_gmt":"2025-02-03T10:35:53","slug":"gandia-acoge-con-exito-la-primera-edicion-del-proyecto-rosa-un-evento-solidario-para-pacientes-oncologicos-y-sus-familias","status":"publish","type":"post","link":"https:\/\/infogandia.es\/index.php\/2025\/02\/03\/gandia-acoge-con-exito-la-primera-edicion-del-proyecto-rosa-un-evento-solidario-para-pacientes-oncologicos-y-sus-familias\/","title":{"rendered":"Gandia acoge con \u00e9xito la primera edici\u00f3n del Proyecto Rosa, un evento solidario para pacientes oncol\u00f3gicos y sus familias"},"content":{"rendered":"\n<p>La Casa de la Marquesa de Gandia fue el escenario de la exitosa primera edici\u00f3n del <em>Proyecto Rosa<\/em>, un evento organizado por el Rotary Club de Gand\u00eda Ducal en apoyo a los pacientes oncol\u00f3gicos y sus familias. La jornada, que reuni\u00f3 a m\u00e1s de un centenar de personas, incluy\u00f3 una serie de ponencias enfocadas en mejorar la calidad de vida de quienes enfrentan el c\u00e1ncer.<\/p>\n\n\n\n<p>La iniciativa, promovida por las socias del Rotary Club Raquel P\u00e9rez Castillo y Victoria Mart\u00ed Pelluch, cont\u00f3 con la participaci\u00f3n de destacados profesionales que abordaron diversos temas relacionados con el bienestar de los pacientes oncol\u00f3gicos. Entre los ponentes se encontraban:<\/p>\n\n\n\n<ul class=\"wp-block-list\">\n<li><strong>Dra. Raquel P\u00e9rez Castillo<\/strong>, quien present\u00f3 sobre la perspectiva integrativa en el tratamiento de pacientes oncol\u00f3gicos.<\/li>\n\n\n\n<li><strong>Dra. Victoria Mart\u00ed Pelluch<\/strong>, odont\u00f3loga, quien habl\u00f3 sobre el cuidado bucal en pacientes con c\u00e1ncer.<\/li>\n\n\n\n<li><strong>Dr. Alejandro Trujillo Henao<\/strong>, que se centr\u00f3 en la nutrici\u00f3n de los pacientes oncol\u00f3gicos.<\/li>\n\n\n\n<li><strong>Mar Renard Segara<\/strong>, fisioterapeuta, quien ofreci\u00f3 su visi\u00f3n sobre la fisioterapia en oncolog\u00eda.<\/li>\n\n\n\n<li><strong>Tamara Garc\u00eda Per\u00eds<\/strong>, enfermera, que abord\u00f3 los cuidados de enfermer\u00eda en este tipo de pacientes.<\/li>\n\n\n\n<li><strong>Raquel Moreno Pellicer<\/strong>, psicoonc\u00f3loga de la Asociaci\u00f3n Espa\u00f1ola Contra el C\u00e1ncer, que destac\u00f3 la importancia del apoyo emocional en el proceso oncol\u00f3gico.<\/li>\n<\/ul>\n\n\n\n<p>El evento fue inaugurado por <strong>Stephane M\u00e9rit<\/strong>, presidente del Rotary Club de Gand\u00eda Ducal, junto con <strong>Miguel \u00c1ngel Picornell<\/strong>, teniente de alcalde de Gand\u00eda. Tambi\u00e9n estuvieron presentes <strong>Evelyne Cielsak<\/strong>, presidenta de la Asociaci\u00f3n Espa\u00f1ola Contra el C\u00e1ncer en Gandia, y diversos representantes del Ayuntamiento, adem\u00e1s de numerosos ciudadanos comprometidos con la causa.<\/p>\n\n\n\n<p>Adem\u00e1s de la calidad de las ponencias, la jornada se destac\u00f3 por el ambiente de cercan\u00eda y empat\u00eda que permiti\u00f3 a los asistentes compartir experiencias y fortalecer v\u00ednculos. Pacientes, familiares, socios de Rotary y profesionales de la salud encontraron un espacio para aprender, apoyarse mutuamente y sentir el respaldo de la comunidad.<\/p>\n\n\n\n<figure class=\"wp-block-image size-large\"><img fetchpriority=\"high\" decoding=\"async\" width=\"1024\" height=\"768\" src=\"http:\/\/infogandia.es\/wp-content\/uploads\/2025\/02\/53903a0b-dabc-4336-9043-57485b98966c-1024x768.jpeg\" alt=\"\" class=\"wp-image-5536\" srcset=\"https:\/\/infogandia.es\/wp-content\/uploads\/2025\/02\/53903a0b-dabc-4336-9043-57485b98966c-1024x768.jpeg 1024w, https:\/\/infogandia.es\/wp-content\/uploads\/2025\/02\/53903a0b-dabc-4336-9043-57485b98966c-300x225.jpeg 300w, https:\/\/infogandia.es\/wp-content\/uploads\/2025\/02\/53903a0b-dabc-4336-9043-57485b98966c-768x576.jpeg 768w, https:\/\/infogandia.es\/wp-content\/uploads\/2025\/02\/53903a0b-dabc-4336-9043-57485b98966c-1536x1152.jpeg 1536w, https:\/\/infogandia.es\/wp-content\/uploads\/2025\/02\/53903a0b-dabc-4336-9043-57485b98966c.jpeg 2048w\" sizes=\"(max-width: 1024px) 100vw, 1024px\" \/><\/figure>\n\n\n\n<p>El \u00e9xito de esta primera edici\u00f3n marca el inicio de un proyecto con vocaci\u00f3n de continuidad. El Rotary Club de Gandia Ducal ha anunciado que el <em>Proyecto Rosa<\/em> ser\u00e1 un evento anual, con el compromiso de ampliar su alcance cada a\u00f1o y de abordar nuevos temas y actividades para seguir apoyando a quienes m\u00e1s lo necesitan.<\/p>\n\n\n\n<p>Desde la organizaci\u00f3n, se agradeci\u00f3 profundamente la colaboraci\u00f3n de todos los involucrados, incluyendo al Ayuntamiento de Gandia, a la Asociaci\u00f3n Espa\u00f1ola Contra el C\u00e1ncer, a las empresas patrocinadoras y, en especial, a <strong>Raquel P\u00e9rez<\/strong> y <strong>Victoria Mart\u00ed<\/strong>, cuyo esfuerzo y dedicaci\u00f3n han sido fundamentales para hacer de esta jornada un referente de apoyo y esperanza para la lucha contra el c\u00e1ncer.<\/p>\n\n\n\n<p>Con esta iniciativa, el Rotary Club de Gand\u00eda Ducal reafirma su compromiso con la sociedad, demostrando su solidaridad y contribuci\u00f3n en la lucha contra el c\u00e1ncer a trav\u00e9s de la acci\u00f3n y el conocimiento.<\/p>\n","protected":false},"excerpt":{"rendered":"<p>La Casa de la Marquesa de Gandia fue el escenario de la exitosa primera edici\u00f3n del Proyecto Rosa, un evento organizado por el Rotary Club de Gand\u00eda Ducal en apoyo a los pacientes oncol\u00f3gicos y sus familias. La jornada, que reuni\u00f3 a m\u00e1s de un centenar de personas, incluy\u00f3 una serie de ponencias enfocadas en&#8230;<\/p>\n","protected":false},"author":1,"featured_media":5537,"comment_status":"open","ping_status":"open","sticky":false,"template":"","format":"standard","meta":{"footnotes":""},"categories":[1,27],"tags":[],"class_list":["post-5535","post","type-post","status-publish","format-standard","has-post-thumbnail","hentry","category-actualidad","category-sociedad"],"_links":{"self":[{"href":"https:\/\/infogandia.es\/index.php\/wp-json\/wp\/v2\/posts\/5535","targetHints":{"allow":["GET"]}}],"collection":[{"href":"https:\/\/infogandia.es\/index.php\/wp-json\/wp\/v2\/posts"}],"about":[{"href":"https:\/\/infogandia.es\/index.php\/wp-json\/wp\/v2\/types\/post"}],"author":[{"embeddable":true,"href":"https:\/\/infogandia.es\/index.php\/wp-json\/wp\/v2\/users\/1"}],"replies":[{"embeddable":true,"href":"https:\/\/infogandia.es\/index.php\/wp-json\/wp\/v2\/comments?post=5535"}],"version-history":[{"count":1,"href":"https:\/\/infogandia.es\/index.php\/wp-json\/wp\/v2\/posts\/5535\/revisions"}],"predecessor-version":[{"id":5538,"href":"https:\/\/infogandia.es\/index.php\/wp-json\/wp\/v2\/posts\/5535\/revisions\/5538"}],"wp:featuredmedia":[{"embeddable":true,"href":"https:\/\/infogandia.es\/index.php\/wp-json\/wp\/v2\/media\/5537"}],"wp:attachment":[{"href":"https:\/\/infogandia.es\/index.php\/wp-json\/wp\/v2\/media?parent=5535"}],"wp:term":[{"taxonomy":"category","embeddable":true,"href":"https:\/\/infogandia.es\/index.php\/wp-json\/wp\/v2\/categories?post=5535"},{"taxonomy":"post_tag","embeddable":true,"href":"https:\/\/infogandia.es\/index.php\/wp-json\/wp\/v2\/tags?post=5535"}],"curies":[{"name":"wp","href":"https:\/\/api.w.org\/{rel}","templated":true}]}}