{"id":5556,"date":"2025-02-04T09:48:19","date_gmt":"2025-02-04T09:48:19","guid":{"rendered":"https:\/\/infogandia.es\/?p=5556"},"modified":"2025-02-04T09:48:48","modified_gmt":"2025-02-04T09:48:48","slug":"gandia-se-prepara-para-alza-tu-voz","status":"publish","type":"post","link":"https:\/\/infogandia.es\/index.php\/2025\/02\/04\/gandia-se-prepara-para-alza-tu-voz\/","title":{"rendered":"Gandia se prepara para la s\u00e9ptima edici\u00f3n de la Gran Gala Solidaria ALZA TU VOZ"},"content":{"rendered":"\n<p>Ayer por la noche en el programa de Comarcal Solidaria nos acompa\u00f1aba <strong>Montse Berm\u00fadez<\/strong>, profesora de canto, soprano y saxofonista, ser\u00e1 una de las principales organizadoras y protagonistas del evento. Junto a ella,  <strong>Mari Carmen Escriv\u00e0<\/strong>, presidenta de la Asociaci\u00f3n de Parkinson GandIa Safor, y <strong>Evelyn Cieslak<\/strong>, presidenta de la Asociaci\u00f3n Espa\u00f1ola Contra el C\u00e1ncer (AECC) de Gandia para contarnos su proximo evento solidario: <strong>ALZA TU VOZ.<\/strong><\/p>\n\n\n\n<p>El pr\u00f3ximo 8 de febrero, a las 18:30 horas, el Teatro Serrano de Gandia acoger\u00e1 la s\u00e9ptima edici\u00f3n de la Gran Gala Solidaria ALZA TU VOZ, un evento musical y art\u00edstico cuya recaudaci\u00f3n se destinar\u00e1 a la Asociaci\u00f3n Espa\u00f1ola Contra el C\u00e1ncer (AECC) y a la Asociaci\u00f3n de Parkinson. La cita, ya consolidada en el calendario solidario de la ciudad, reunir\u00e1 a cantantes, bailarines e instrumentistas en un espect\u00e1culo de primer nivel, con el objetivo de recaudar fondos y visibilizar la lucha de quienes padecen estas enfermedades.<\/p>\n\n\n\n<figure class=\"wp-block-embed is-type-video is-provider-youtube wp-block-embed-youtube wp-embed-aspect-16-9 wp-has-aspect-ratio\"><div class=\"wp-block-embed__wrapper\">\n<iframe title=\"COMARCAL SOLIDARIA | ALZA TU VOZ (03-02-2025)\" width=\"640\" height=\"360\" src=\"https:\/\/www.youtube.com\/embed\/L056kINwnoM?feature=oembed\" frameborder=\"0\" allow=\"accelerometer; autoplay; clipboard-write; encrypted-media; gyroscope; picture-in-picture; web-share\" referrerpolicy=\"strict-origin-when-cross-origin\" allowfullscreen><\/iframe>\n<\/div><\/figure>\n\n\n\n<p>La gala de este a\u00f1o promete superar el \u00e9xito de ediciones anteriores, gracias al incremento en el n\u00famero de colaboraciones y la diversidad de propuestas art\u00edsticas. Como destacan sus organizadoras, Gandia es una ciudad solidaria, y la respuesta de los artistas ha sido extraordinaria. Entre los participantes estar\u00e1n reconocidos cantantes locales, como Javier Cresencio, Romina Escalada y Jos\u00e9 Cebri\u00e1n, as\u00ed como la destacada artista de copla Ana Mu\u00f1oz, llegada desde M\u00e1laga. A la velada se sumar\u00e1n m\u00fasicos, pianistas y saxofonistas, con la Academia &#8220;<em>Son del Timbal<\/em>&#8221; aportando el toque de danza con el estreno de un n\u00famero de baile mundialmente in\u00e9dito: <em>Loose Control<\/em>.<\/p>\n\n\n\n<p>La gala contar\u00e1 tambi\u00e9n con la participaci\u00f3n de Javi San Mateo en la presentaci\u00f3n, acompa\u00f1ado por Silvia Catal\u00e1 y la joven Roc\u00edo Mart\u00edn, en una puesta en escena que promete emocionar y entretener al p\u00fablico.<\/p>\n\n\n\n<p>Las entradas para el evento tienen un precio de 12 euros y pueden adquirirse hasta el 7 de febrero en las sedes de ambas asociaciones organizadoras, en la Farmacia del Paseo y a trav\u00e9s de la web <a href=\"https:\/\/www.crono4sports.es\/\">https:\/\/www.crono4sports.es<\/a> Tambi\u00e9n estar\u00e1n disponibles en la taquilla del Teatro Serrano el mismo d\u00eda del evento, a partir de las 17:00 horas. Para quienes no puedan asistir pero deseen colaborar, se ha habilitado una <em>fila cero<\/em>, permitiendo donaciones solidarias.<\/p>\n\n\n\n<p>La recaudaci\u00f3n de la gala se destinar\u00e1 \u00edntegramente a mejorar los servicios que ofrecen ambas asociaciones, desde terapias y atenci\u00f3n psicol\u00f3gica hasta proyectos de investigaci\u00f3n y prevenci\u00f3n. La AECC continuar\u00e1 su labor en apoyo a pacientes y familiares, mientras que la Asociaci\u00f3n de Parkinson busca ampliar su personal para reducir las listas de espera en sus terapias.<\/p>\n\n\n\n<p>El evento concluir\u00e1 alrededor de las 21:00 horas, permitiendo a los asistentes seguir disfrutando de la noche con la satisfacci\u00f3n de haber formado parte de una causa noble. <strong><em>&#8220;Saldremos con la adrenalina a tope y el coraz\u00f3n lleno de emoci\u00f3n&#8221;<\/em><\/strong>, comenta Montse Berm\u00fadez, organizadora, y tambi\u00e9n nos deleitar\u00e1 con su voz en la velada.<\/p>\n\n\n\n<p>Con una capacidad de 600 personas, el reto es llenar el Serrano una vez m\u00e1s. &#8220;Gandia tiene m\u00e1s de 80.000 habitantes, as\u00ed que 600 plazas no son nada&#8221;, bromean las organizadoras, animando a todos a reservar su entrada cuanto antes.<\/p>\n\n\n\n<p>\ud83d\udcc5 <strong>Fecha:<\/strong> 8 de febrero<br>\ud83d\udd61 <strong>Hora:<\/strong> 18:30 h (apertura de puertas a las 18:00 h)<br>\ud83d\udccd <strong>Lugar:<\/strong> Teatro Serrano, Gand\u00eda<br>\ud83c\udf9f <strong>Entradas:<\/strong> 12 \u20ac (disponibles en puntos de venta f\u00edsicos y online)<br>\ud83d\udc99 <strong>Fila Cero:<\/strong> Donaciones disponibles online<\/p>\n","protected":false},"excerpt":{"rendered":"<p>Ayer por la noche en el programa de Comarcal Solidaria nos acompa\u00f1aba Montse Berm\u00fadez, profesora de canto, soprano y saxofonista, ser\u00e1 una de las principales organizadoras y protagonistas del evento. Junto a ella, Mari Carmen Escriv\u00e0, presidenta de la Asociaci\u00f3n de Parkinson GandIa Safor, y Evelyn Cieslak, presidenta de la Asociaci\u00f3n Espa\u00f1ola Contra el C\u00e1ncer&#8230;<\/p>\n","protected":false},"author":1,"featured_media":5557,"comment_status":"open","ping_status":"open","sticky":false,"template":"","format":"standard","meta":{"footnotes":""},"categories":[1,27],"tags":[],"class_list":["post-5556","post","type-post","status-publish","format-standard","has-post-thumbnail","hentry","category-actualidad","category-sociedad"],"_links":{"self":[{"href":"https:\/\/infogandia.es\/index.php\/wp-json\/wp\/v2\/posts\/5556","targetHints":{"allow":["GET"]}}],"collection":[{"href":"https:\/\/infogandia.es\/index.php\/wp-json\/wp\/v2\/posts"}],"about":[{"href":"https:\/\/infogandia.es\/index.php\/wp-json\/wp\/v2\/types\/post"}],"author":[{"embeddable":true,"href":"https:\/\/infogandia.es\/index.php\/wp-json\/wp\/v2\/users\/1"}],"replies":[{"embeddable":true,"href":"https:\/\/infogandia.es\/index.php\/wp-json\/wp\/v2\/comments?post=5556"}],"version-history":[{"count":2,"href":"https:\/\/infogandia.es\/index.php\/wp-json\/wp\/v2\/posts\/5556\/revisions"}],"predecessor-version":[{"id":5559,"href":"https:\/\/infogandia.es\/index.php\/wp-json\/wp\/v2\/posts\/5556\/revisions\/5559"}],"wp:featuredmedia":[{"embeddable":true,"href":"https:\/\/infogandia.es\/index.php\/wp-json\/wp\/v2\/media\/5557"}],"wp:attachment":[{"href":"https:\/\/infogandia.es\/index.php\/wp-json\/wp\/v2\/media?parent=5556"}],"wp:term":[{"taxonomy":"category","embeddable":true,"href":"https:\/\/infogandia.es\/index.php\/wp-json\/wp\/v2\/categories?post=5556"},{"taxonomy":"post_tag","embeddable":true,"href":"https:\/\/infogandia.es\/index.php\/wp-json\/wp\/v2\/tags?post=5556"}],"curies":[{"name":"wp","href":"https:\/\/api.w.org\/{rel}","templated":true}]}}