{"id":5566,"date":"2025-02-04T11:57:42","date_gmt":"2025-02-04T11:57:42","guid":{"rendered":"https:\/\/infogandia.es\/?p=5566"},"modified":"2025-02-04T11:57:56","modified_gmt":"2025-02-04T11:57:56","slug":"gandia-acoge-dos-eventos-culturales-presentacion-de-el-corn-de-la-muntanya-gran-de-pedreguer-y-el-vii-encuentro-musica-sonido-e-imagen","status":"publish","type":"post","link":"https:\/\/infogandia.es\/index.php\/2025\/02\/04\/gandia-acoge-dos-eventos-culturales-presentacion-de-el-corn-de-la-muntanya-gran-de-pedreguer-y-el-vii-encuentro-musica-sonido-e-imagen\/","title":{"rendered":"Gandia acoge dos eventos culturales: presentaci\u00f3n de &#8220;El Corn de la Muntanya Gran de Pedreguer&#8221; y el VII Encuentro M\u00fasica, Sonido e Imagen"},"content":{"rendered":"\n<p>Este jueves, 6 de febrero, el campus de Gandia de la Universitat Polit\u00e8cnica de Val\u00e8ncia (UPV) ser\u00e1 escenario de dos importantes eventos culturales que combinan la literatura, la m\u00fasica y la ciencia.<\/p>\n\n\n\n<p>A las 12:30 horas, Mar\u00eda Rosell\u00f3, autora y ecoturista, regresa al campus que la vio formarse en el Grado en Turismo para presentar su libro <strong><em>&#8220;El Corn de la Muntanya Gran de Pedreguer&#8221;<\/em><\/strong>. Esta obra, publicada en 2024, es un relato que fusiona historia, etimolog\u00eda, bot\u00e1nica y fauna, en el que la autora nos invita a realizar un viaje por el tiempo, desde el Paleol\u00edtico Superior hasta el presente, mientras descubrimos m\u00e1s de 40 especies de flora y fauna acompa\u00f1adas de leyendas y curiosidades. Rosell\u00f3 compartir\u00e1 con los asistentes su profundo amor por la monta\u00f1a y su deseo de concienciar sobre la importancia de cuidar y respetar la biodiversidad. En la presentaci\u00f3n, tambi\u00e9n estar\u00e1n Claudia Bertomeu, quien ha ilustrado el libro, y Eva Mestre, subdirectora de Alumnado e Innovaci\u00f3n Educativa del campus de Gandia.<\/p>\n\n\n\n<p>Por otro lado, la m\u00fasica y el sonido se adue\u00f1ar\u00e1n del campus de Gandia con la celebraci\u00f3n del VII Encuentro M\u00fasica, Sonido e Imagen, organizado por los conservatorios Rafael Talens Pell\u00f3 de Cullera, Josep Climent de Oliva, y el propio campus de Gandia de la UPV. Este evento tiene como objetivo reunir a los estudiantes de las comarcas de la Ribera y la Safor con el campus universitario m\u00e1s cercano para fomentar el intercambio de conocimientos y experiencias. A las 19:00 horas, se llevar\u00e1 a cabo un concierto gratuito, abierto al p\u00fablico, en el Aula Magna del campus. Adem\u00e1s, se impartir\u00e1 una conferencia titulada <strong><em>\u201cMateriales ac\u00fasticos aplicados a la m\u00fasica\u201d,<\/em><\/strong> dirigida a los alumnos de los conservatorios.<\/p>\n\n\n\n<p>Ambos eventos, que combinan el arte, la ciencia y la cultura, representan una excelente oportunidad para disfrutar de la riqueza cultural de Gandia y su entorno.<\/p>\n\n\n\n<figure class=\"wp-block-image size-large is-resized\"><img fetchpriority=\"high\" decoding=\"async\" width=\"724\" height=\"1024\" src=\"https:\/\/infogandia.es\/wp-content\/uploads\/2025\/02\/cartell_encontre-724x1024.jpg\" alt=\"\" class=\"wp-image-5567\" style=\"width:839px;height:auto\" srcset=\"https:\/\/infogandia.es\/wp-content\/uploads\/2025\/02\/cartell_encontre-724x1024.jpg 724w, https:\/\/infogandia.es\/wp-content\/uploads\/2025\/02\/cartell_encontre-212x300.jpg 212w, https:\/\/infogandia.es\/wp-content\/uploads\/2025\/02\/cartell_encontre-768x1086.jpg 768w, https:\/\/infogandia.es\/wp-content\/uploads\/2025\/02\/cartell_encontre-1086x1536.jpg 1086w, https:\/\/infogandia.es\/wp-content\/uploads\/2025\/02\/cartell_encontre.jpg 1131w\" sizes=\"(max-width: 724px) 100vw, 724px\" \/><\/figure>\n","protected":false},"excerpt":{"rendered":"<p>Este jueves, 6 de febrero, el campus de Gandia de la Universitat Polit\u00e8cnica de Val\u00e8ncia (UPV) ser\u00e1 escenario de dos importantes eventos culturales que combinan la literatura, la m\u00fasica y la ciencia. A las 12:30 horas, Mar\u00eda Rosell\u00f3, autora y ecoturista, regresa al campus que la vio formarse en el Grado en Turismo para presentar&#8230;<\/p>\n","protected":false},"author":1,"featured_media":5568,"comment_status":"open","ping_status":"open","sticky":false,"template":"","format":"standard","meta":{"footnotes":""},"categories":[1,5,27],"tags":[],"class_list":["post-5566","post","type-post","status-publish","format-standard","has-post-thumbnail","hentry","category-actualidad","category-educacion","category-sociedad"],"_links":{"self":[{"href":"https:\/\/infogandia.es\/index.php\/wp-json\/wp\/v2\/posts\/5566","targetHints":{"allow":["GET"]}}],"collection":[{"href":"https:\/\/infogandia.es\/index.php\/wp-json\/wp\/v2\/posts"}],"about":[{"href":"https:\/\/infogandia.es\/index.php\/wp-json\/wp\/v2\/types\/post"}],"author":[{"embeddable":true,"href":"https:\/\/infogandia.es\/index.php\/wp-json\/wp\/v2\/users\/1"}],"replies":[{"embeddable":true,"href":"https:\/\/infogandia.es\/index.php\/wp-json\/wp\/v2\/comments?post=5566"}],"version-history":[{"count":2,"href":"https:\/\/infogandia.es\/index.php\/wp-json\/wp\/v2\/posts\/5566\/revisions"}],"predecessor-version":[{"id":5571,"href":"https:\/\/infogandia.es\/index.php\/wp-json\/wp\/v2\/posts\/5566\/revisions\/5571"}],"wp:featuredmedia":[{"embeddable":true,"href":"https:\/\/infogandia.es\/index.php\/wp-json\/wp\/v2\/media\/5568"}],"wp:attachment":[{"href":"https:\/\/infogandia.es\/index.php\/wp-json\/wp\/v2\/media?parent=5566"}],"wp:term":[{"taxonomy":"category","embeddable":true,"href":"https:\/\/infogandia.es\/index.php\/wp-json\/wp\/v2\/categories?post=5566"},{"taxonomy":"post_tag","embeddable":true,"href":"https:\/\/infogandia.es\/index.php\/wp-json\/wp\/v2\/tags?post=5566"}],"curies":[{"name":"wp","href":"https:\/\/api.w.org\/{rel}","templated":true}]}}