{"id":5572,"date":"2025-02-04T15:08:21","date_gmt":"2025-02-04T15:08:21","guid":{"rendered":"https:\/\/infogandia.es\/?p=5572"},"modified":"2025-02-04T15:08:21","modified_gmt":"2025-02-04T15:08:21","slug":"gandia-se-suma-al-dia-mundial-contra-el-cancer-con-la-lectura-de-un-manifiesto-y-el-despliegue-de-una-pancarta-conmemorativa","status":"publish","type":"post","link":"https:\/\/infogandia.es\/index.php\/2025\/02\/04\/gandia-se-suma-al-dia-mundial-contra-el-cancer-con-la-lectura-de-un-manifiesto-y-el-despliegue-de-una-pancarta-conmemorativa\/","title":{"rendered":"Gandia se suma al D\u00eda Mundial contra el C\u00e1ncer con la lectura de un manifiesto y el despliegue de una pancarta conmemorativa"},"content":{"rendered":"\n<p>Gandia ha conmemorado hoy el <strong>D\u00eda Mundial contra el C\u00e1ncer<\/strong> con un acto en la plaza del Ayuntamiento, donde se ha llevado a cabo la lectura de un manifiesto a cargo de <strong>Patricia Villena<\/strong>, integrante de la <strong>Asociaci\u00f3n Espa\u00f1ola Contra el C\u00e1ncer de Gandia<\/strong>.<\/p>\n\n\n\n<p>El evento ha contado con la presencia del <strong>alcalde de Gandia, Jos\u00e9 Manuel Prieto<\/strong>, la <strong>regidora de Sanidad y Pol\u00edticas Saludables, Liduvina Gil<\/strong>, y la <strong>presidenta de la asociaci\u00f3n, Evelyne Cieslak<\/strong>, adem\u00e1s de otros miembros de la entidad y representantes de la corporaci\u00f3n municipal.<\/p>\n\n\n\n<p>El manifiesto de este a\u00f1o ha puesto el foco en la <strong>prevenci\u00f3n, la detecci\u00f3n precoz y el apoyo a quienes luchan contra la enfermedad<\/strong>, destacando que el c\u00e1ncer no solo afecta a quienes lo padecen, sino que tambi\u00e9n impacta en la vida de sus familias y seres queridos. Asimismo, se ha resaltado la importancia de mantener <strong>h\u00e1bitos de vida saludables<\/strong> como una herramienta fundamental en la prevenci\u00f3n de la enfermedad.<\/p>\n\n\n\n<p>Tras la lectura del manifiesto, se ha desplegado una <strong>pancarta conmemorativa<\/strong> en el balc\u00f3n del Ayuntamiento, simbolizando el compromiso de Gandia en la lucha contra el c\u00e1ncer y en el apoyo a quienes lo enfrentan.<\/p>\n","protected":false},"excerpt":{"rendered":"<p>Gandia ha conmemorado hoy el D\u00eda Mundial contra el C\u00e1ncer con un acto en la plaza del Ayuntamiento, donde se ha llevado a cabo la lectura de un manifiesto a cargo de Patricia Villena, integrante de la Asociaci\u00f3n Espa\u00f1ola Contra el C\u00e1ncer de Gandia. El evento ha contado con la presencia del alcalde de Gandia,&#8230;<\/p>\n","protected":false},"author":1,"featured_media":5573,"comment_status":"open","ping_status":"open","sticky":false,"template":"","format":"standard","meta":{"footnotes":""},"categories":[1,27],"tags":[],"class_list":["post-5572","post","type-post","status-publish","format-standard","has-post-thumbnail","hentry","category-actualidad","category-sociedad"],"_links":{"self":[{"href":"https:\/\/infogandia.es\/index.php\/wp-json\/wp\/v2\/posts\/5572","targetHints":{"allow":["GET"]}}],"collection":[{"href":"https:\/\/infogandia.es\/index.php\/wp-json\/wp\/v2\/posts"}],"about":[{"href":"https:\/\/infogandia.es\/index.php\/wp-json\/wp\/v2\/types\/post"}],"author":[{"embeddable":true,"href":"https:\/\/infogandia.es\/index.php\/wp-json\/wp\/v2\/users\/1"}],"replies":[{"embeddable":true,"href":"https:\/\/infogandia.es\/index.php\/wp-json\/wp\/v2\/comments?post=5572"}],"version-history":[{"count":1,"href":"https:\/\/infogandia.es\/index.php\/wp-json\/wp\/v2\/posts\/5572\/revisions"}],"predecessor-version":[{"id":5574,"href":"https:\/\/infogandia.es\/index.php\/wp-json\/wp\/v2\/posts\/5572\/revisions\/5574"}],"wp:featuredmedia":[{"embeddable":true,"href":"https:\/\/infogandia.es\/index.php\/wp-json\/wp\/v2\/media\/5573"}],"wp:attachment":[{"href":"https:\/\/infogandia.es\/index.php\/wp-json\/wp\/v2\/media?parent=5572"}],"wp:term":[{"taxonomy":"category","embeddable":true,"href":"https:\/\/infogandia.es\/index.php\/wp-json\/wp\/v2\/categories?post=5572"},{"taxonomy":"post_tag","embeddable":true,"href":"https:\/\/infogandia.es\/index.php\/wp-json\/wp\/v2\/tags?post=5572"}],"curies":[{"name":"wp","href":"https:\/\/api.w.org\/{rel}","templated":true}]}}