{"id":5575,"date":"2025-02-05T11:05:00","date_gmt":"2025-02-05T11:05:00","guid":{"rendered":"https:\/\/infogandia.es\/?p=5575"},"modified":"2025-02-05T11:05:00","modified_gmt":"2025-02-05T11:05:00","slug":"gandia-acoge-un-debate-sobre-educacion-publica-y-privada-organizado-por-jubilats-i-pensionistes-de-la-safor","status":"publish","type":"post","link":"https:\/\/infogandia.es\/index.php\/2025\/02\/05\/gandia-acoge-un-debate-sobre-educacion-publica-y-privada-organizado-por-jubilats-i-pensionistes-de-la-safor\/","title":{"rendered":"Gandia acoge un debate sobre educaci\u00f3n p\u00fablica y privada organizado por Jubilats i Pensionistes de la Safor"},"content":{"rendered":"\n<p>La <strong>Asociaci\u00f3n Jubilats i Pensionistes de la Safor<\/strong> ha organizado una <strong>mesa redonda<\/strong> para debatir sobre la educaci\u00f3n p\u00fablica y privada, un tema de gran inter\u00e9s para la sociedad y especialmente relevante para las generaciones futuras. El evento contar\u00e1 con la participaci\u00f3n de expertos en educaci\u00f3n y representantes de distintas instituciones. <\/p>\n\n\n\n<figure class=\"wp-block-embed is-type-video is-provider-youtube wp-block-embed-youtube wp-embed-aspect-16-9 wp-has-aspect-ratio\"><div class=\"wp-block-embed__wrapper\">\n<iframe title=\"EL SENADO | Mesa redonda sobre la Educaci\u00f3n P\u00fablica y Privada (05-02-2024)\" width=\"640\" height=\"360\" src=\"https:\/\/www.youtube.com\/embed\/x6s8S9HazMk?feature=oembed\" frameborder=\"0\" allow=\"accelerometer; autoplay; clipboard-write; encrypted-media; gyroscope; picture-in-picture; web-share\" referrerpolicy=\"strict-origin-when-cross-origin\" allowfullscreen><\/iframe>\n<\/div><\/figure>\n\n\n\n<p>El debate sobre la educaci\u00f3n ha sido <strong>uno de los temas centrales en el programa \u2018El Senado\u2019 de Comarcal Televisi\u00f3n<\/strong>, dirigido por <strong>Paco Sanz<\/strong>. En esta edici\u00f3n han intervenido <strong>Antonio Agust\u00ed<\/strong> y <strong>Alfredo Cortell<\/strong>, presidente de la Asociaci\u00f3n Jubilats i Pensionistes de la Safor.<\/p>\n\n\n\n<p>Durante el programa, se ha hablado de la importancia de garantizar una educaci\u00f3n p\u00fablica de calidad, la necesidad de recursos suficientes para los centros y el papel de los colegios concertados dentro del sistema educativo. Tambi\u00e9n se ha destacado el impacto de los cambios legislativos en la ense\u00f1anza y la necesidad de un <strong>pacto educativo estable<\/strong> que no dependa de los cambios de gobierno.<\/p>\n\n\n\n<p>Desde la asociaci\u00f3n organizadora se insiste en la importancia de estos debates, ya que afectan directamente no solo a los estudiantes actuales, sino tambi\u00e9n a <strong>sus familias y a las futuras generaciones<\/strong>. Asimismo, se espera una participaci\u00f3n activa del p\u00fablico asistente, que podr\u00e1 formular preguntas y expresar sus inquietudes sobre el tema.<\/p>\n\n\n\n<p>\ud83d\uddd3 <strong>Fecha:<\/strong> 6 de febrero<br>\ud83d\udd56 <strong>Hora:<\/strong> 19:00 h<br>\ud83d\udccd <strong>Lugar:<\/strong> Foment d&#8217;Agricultura, Ind\u00fastria i Comer\u00e7, Gandia<br>\ud83c\udf9f <strong>Entrada libre<\/strong><\/p>\n\n\n\n<h3 class=\"wp-block-heading\"><strong>Ponentes confirmados:<\/strong><\/h3>\n\n\n\n<p>\u2705 <strong>Beatriu Cardona<\/strong> (Intersindical)<br>\u2705 <strong>Maria Rosa Fern\u00e1ndez<\/strong> (Los Naranjos Coop. V.)<br>\u2705 <strong>Josep A. M\u00e1s<\/strong> (Universitat Polit\u00e8cnica de Val\u00e8ncia)<br>\ud83c\udfa4 <strong>Moderadora:<\/strong> Isabel D\u00edaz (Jubilats i Pensionistes)<\/p>\n\n\n\n<p>El objetivo del encuentro es analizar las <strong>diferencias entre la educaci\u00f3n p\u00fablica, privada y concertada<\/strong>, as\u00ed como los retos que enfrenta el sistema educativo. Entre los temas que se abordar\u00e1n destacan la <strong>igualdad de oportunidades<\/strong>, la inversi\u00f3n en educaci\u00f3n p\u00fablica, la libertad de elecci\u00f3n de los padres y el impacto de los cambios legislativos en la ense\u00f1anza.<\/p>\n","protected":false},"excerpt":{"rendered":"<p>La Asociaci\u00f3n Jubilats i Pensionistes de la Safor ha organizado una mesa redonda para debatir sobre la educaci\u00f3n p\u00fablica y privada, un tema de gran inter\u00e9s para la sociedad y especialmente relevante para las generaciones futuras. El evento contar\u00e1 con la participaci\u00f3n de expertos en educaci\u00f3n y representantes de distintas instituciones. El debate sobre la&#8230;<\/p>\n","protected":false},"author":1,"featured_media":5576,"comment_status":"open","ping_status":"open","sticky":false,"template":"","format":"standard","meta":{"footnotes":""},"categories":[1,27],"tags":[],"class_list":["post-5575","post","type-post","status-publish","format-standard","has-post-thumbnail","hentry","category-actualidad","category-sociedad"],"_links":{"self":[{"href":"https:\/\/infogandia.es\/index.php\/wp-json\/wp\/v2\/posts\/5575","targetHints":{"allow":["GET"]}}],"collection":[{"href":"https:\/\/infogandia.es\/index.php\/wp-json\/wp\/v2\/posts"}],"about":[{"href":"https:\/\/infogandia.es\/index.php\/wp-json\/wp\/v2\/types\/post"}],"author":[{"embeddable":true,"href":"https:\/\/infogandia.es\/index.php\/wp-json\/wp\/v2\/users\/1"}],"replies":[{"embeddable":true,"href":"https:\/\/infogandia.es\/index.php\/wp-json\/wp\/v2\/comments?post=5575"}],"version-history":[{"count":1,"href":"https:\/\/infogandia.es\/index.php\/wp-json\/wp\/v2\/posts\/5575\/revisions"}],"predecessor-version":[{"id":5577,"href":"https:\/\/infogandia.es\/index.php\/wp-json\/wp\/v2\/posts\/5575\/revisions\/5577"}],"wp:featuredmedia":[{"embeddable":true,"href":"https:\/\/infogandia.es\/index.php\/wp-json\/wp\/v2\/media\/5576"}],"wp:attachment":[{"href":"https:\/\/infogandia.es\/index.php\/wp-json\/wp\/v2\/media?parent=5575"}],"wp:term":[{"taxonomy":"category","embeddable":true,"href":"https:\/\/infogandia.es\/index.php\/wp-json\/wp\/v2\/categories?post=5575"},{"taxonomy":"post_tag","embeddable":true,"href":"https:\/\/infogandia.es\/index.php\/wp-json\/wp\/v2\/tags?post=5575"}],"curies":[{"name":"wp","href":"https:\/\/api.w.org\/{rel}","templated":true}]}}