{"id":5584,"date":"2025-02-05T12:56:35","date_gmt":"2025-02-05T12:56:35","guid":{"rendered":"https:\/\/infogandia.es\/?p=5584"},"modified":"2025-02-05T12:56:59","modified_gmt":"2025-02-05T12:56:59","slug":"la-guardia-civil-detiene-a-dos-personas-en-tavernes-por-una-serie-de-robos-en-supermercados-de-valencia-y-alicante","status":"publish","type":"post","link":"https:\/\/infogandia.es\/index.php\/2025\/02\/05\/la-guardia-civil-detiene-a-dos-personas-en-tavernes-por-una-serie-de-robos-en-supermercados-de-valencia-y-alicante\/","title":{"rendered":"La Guardia Civil detiene a dos personas en Tavernes por una serie de robos en supermercados de Val\u00e8ncia y Alicante"},"content":{"rendered":"\n<p>La Guardia Civil de la Comandancia de Val\u00e8ncia, adscrita al cuartel de Tavernes de la Valldigna, ha detenido a dos individuos con un extenso historial delictivo por su implicaci\u00f3n en una oleada de robos en supermercados de diversas comarcas de Val\u00e8ncia y Alicante. Los arrestados son responsables de hurtos perpetrados en la Safor, la Ribera, la Vall d\u2019Albaida, l\u2019Horta Sud y municipios del norte de la provincia de Alicante, en los que se apoderaron de productos valorados en aproximadamente 6.000 euros.<\/p>\n\n\n\n<p>Seg\u00fan las investigaciones, los detenidos estudiaban minuciosamente los movimientos y horarios de los empleados en los supermercados seleccionados, esperando el momento adecuado para cometer el robo. Aprovechaban los momentos en los que la l\u00ednea de cajas se quedaba sin personal para cargar los carros con productos y retirarse r\u00e1pidamente, evitando la detecci\u00f3n.<\/p>\n\n\n\n<p>Los detenidos, que ya cuentan con antecedentes penales, han sido puestos a disposici\u00f3n del juzgado de Sueca. La Guardia Civil mantiene abierta la investigaci\u00f3n, ya que los individuos se desplazaban de forma alterna entre las demarcaciones de la Polic\u00eda Nacional y la Guardia Civil, complicando las labores de seguimiento y dificultando el esclarecimiento total de los robos cometidos.<\/p>\n\n\n\n<p>Este operativo pone de manifiesto el esfuerzo de la Guardia Civil por desarticular redes delictivas y reforzar la seguridad en la regi\u00f3n, a pesar de las t\u00e1cticas utilizadas por los delincuentes para eludir la acci\u00f3n policial.<\/p>\n","protected":false},"excerpt":{"rendered":"<p>La Guardia Civil de la Comandancia de Val\u00e8ncia, adscrita al cuartel de Tavernes de la Valldigna, ha detenido a dos individuos con un extenso historial delictivo por su implicaci\u00f3n en una oleada de robos en supermercados de diversas comarcas de Val\u00e8ncia y Alicante. Los arrestados son responsables de hurtos perpetrados en la Safor, la Ribera,&#8230;<\/p>\n","protected":false},"author":1,"featured_media":5582,"comment_status":"open","ping_status":"open","sticky":false,"template":"","format":"standard","meta":{"footnotes":""},"categories":[1],"tags":[],"class_list":["post-5584","post","type-post","status-publish","format-standard","has-post-thumbnail","hentry","category-actualidad"],"_links":{"self":[{"href":"https:\/\/infogandia.es\/index.php\/wp-json\/wp\/v2\/posts\/5584","targetHints":{"allow":["GET"]}}],"collection":[{"href":"https:\/\/infogandia.es\/index.php\/wp-json\/wp\/v2\/posts"}],"about":[{"href":"https:\/\/infogandia.es\/index.php\/wp-json\/wp\/v2\/types\/post"}],"author":[{"embeddable":true,"href":"https:\/\/infogandia.es\/index.php\/wp-json\/wp\/v2\/users\/1"}],"replies":[{"embeddable":true,"href":"https:\/\/infogandia.es\/index.php\/wp-json\/wp\/v2\/comments?post=5584"}],"version-history":[{"count":1,"href":"https:\/\/infogandia.es\/index.php\/wp-json\/wp\/v2\/posts\/5584\/revisions"}],"predecessor-version":[{"id":5585,"href":"https:\/\/infogandia.es\/index.php\/wp-json\/wp\/v2\/posts\/5584\/revisions\/5585"}],"wp:featuredmedia":[{"embeddable":true,"href":"https:\/\/infogandia.es\/index.php\/wp-json\/wp\/v2\/media\/5582"}],"wp:attachment":[{"href":"https:\/\/infogandia.es\/index.php\/wp-json\/wp\/v2\/media?parent=5584"}],"wp:term":[{"taxonomy":"category","embeddable":true,"href":"https:\/\/infogandia.es\/index.php\/wp-json\/wp\/v2\/categories?post=5584"},{"taxonomy":"post_tag","embeddable":true,"href":"https:\/\/infogandia.es\/index.php\/wp-json\/wp\/v2\/tags?post=5584"}],"curies":[{"name":"wp","href":"https:\/\/api.w.org\/{rel}","templated":true}]}}