{"id":5588,"date":"2025-02-05T12:57:44","date_gmt":"2025-02-05T12:57:44","guid":{"rendered":"https:\/\/infogandia.es\/?p=5588"},"modified":"2025-02-05T12:57:44","modified_gmt":"2025-02-05T12:57:44","slug":"el-paro-sube-en-la-safor-por-septimo-mes-consecutivo-alcanzando-los-10-352-desempleados","status":"publish","type":"post","link":"https:\/\/infogandia.es\/index.php\/2025\/02\/05\/el-paro-sube-en-la-safor-por-septimo-mes-consecutivo-alcanzando-los-10-352-desempleados\/","title":{"rendered":"El paro sube en la Safor por s\u00e9ptimo mes consecutivo, alcanzando los 10.352 desempleados"},"content":{"rendered":"\n<p>El paro registrado en la comarca de la Safor ha experimentado un leve aumento en el mes de enero, alcanzando un total de 10.352 personas, lo que representa un incremento de 85 desempleados con respecto al mes anterior, y una subida mensual del 0,83%. Este es el s\u00e9ptimo mes consecutivo en el que se registran aumentos en las cifras de desempleo desde julio de 2024.<\/p>\n\n\n\n<p>Aunque los datos de enero no son positivos, el sindicato UGT considera que esta subida es un &#8220;mal dato habitual&#8221; en el inicio del a\u00f1o, debido a las caracter\u00edsticas de la actividad econ\u00f3mica en la regi\u00f3n, especialmente en actividades estacionarias. Sin embargo, el sindicato destaca que, a pesar de este incremento puntual, la tendencia general es de una mejora continua tanto cuantitativa como cualitativa del empleo en la comarca, gracias a las medidas introducidas por la \u00faltima reforma laboral.<\/p>\n\n\n\n<p>En comparaci\u00f3n con enero de 2024, los datos anuales muestran una disminuci\u00f3n de 334 personas en paro, lo que supone una reducci\u00f3n del 3,13% respecto al mismo mes del a\u00f1o pasado, lo que refleja un descenso en el desempleo a largo plazo.<\/p>\n\n\n\n<p>En cuanto a la contrataci\u00f3n, se registraron un total de 3.439 contratos en enero de 2025, lo que representa un incremento de 100 contratos respecto al mismo mes de 2024, lo que equivale a un crecimiento del 2,99%. De estos, 1.354 contratos fueron para mujeres (39,37%) y 2.085 para hombres (60,63%). La contrataci\u00f3n indefinida alcanz\u00f3 los 1.658 contratos, un 7,31% m\u00e1s que en enero de 2024, lo que refleja la mayor estabilidad del empleo en la comarca. Por otro lado, los contratos temporales representaron el 60,63% del total.<\/p>\n\n\n\n<p>El Secretario General Comarcal de UGT-PV, Ra\u00fcl Rosell\u00f3, ha subrayado que aunque enero es un mes de incremento en el paro debido a la estacionalidad de la actividad en la Safor, la tendencia general es positiva, con un mayor n\u00famero de contratos indefinidos y m\u00e1s estables. Seg\u00fan Rosell\u00f3, las cifras reflejan la estabilidad introducida por la reforma laboral, que ha favorecido un empleo de mayor calidad.<\/p>\n\n\n\n<p>Sin embargo, Rosell\u00f3 tambi\u00e9n ha se\u00f1alado que la mejora en la calidad del empleo no se limita solo a la estabilidad de los contratos, sino que es fundamental que los salarios sean justos y suficientes. En este sentido, ha resaltado el acuerdo alcanzado por UGT y CCOO con el Gobierno para aumentar el Salario M\u00ednimo Interprofesional (SMI) en 2025 hasta los 1.184 euros mensuales, con el objetivo de reducir la pobreza y la desigualdad.<\/p>\n\n\n\n<p>El l\u00edder sindical tambi\u00e9n ha insistido en la necesidad de una jornada laboral m\u00e1s razonable, pidiendo una reducci\u00f3n de la jornada a 37,5 horas semanales como primer paso hacia las 32 horas, as\u00ed como la implementaci\u00f3n de un registro horario que limite las horas extraordinarias y garantice su remuneraci\u00f3n con un 25% adicional.<\/p>\n\n\n\n<p>En resumen, aunque los datos de empleo y paro de enero no sean positivos, el sindicato UGT sigue destacando la tendencia general de mejora en el empleo y reafirma la importancia de seguir avanzando en la mejora de las condiciones laborales, con el objetivo de lograr un empleo m\u00e1s remunerado, estable y con una jornada laboral razonable, mientras se contin\u00faan impulsando pol\u00edticas activas de empleo para reducir el desempleo de larga duraci\u00f3n y mejorar la empleabilidad de los sectores m\u00e1s vulnerables.<\/p>\n","protected":false},"excerpt":{"rendered":"<p>El paro registrado en la comarca de la Safor ha experimentado un leve aumento en el mes de enero, alcanzando un total de 10.352 personas, lo que representa un incremento de 85 desempleados con respecto al mes anterior, y una subida mensual del 0,83%. Este es el s\u00e9ptimo mes consecutivo en el que se registran&#8230;<\/p>\n","protected":false},"author":1,"featured_media":5581,"comment_status":"open","ping_status":"open","sticky":false,"template":"","format":"standard","meta":{"footnotes":""},"categories":[1,27],"tags":[],"class_list":["post-5588","post","type-post","status-publish","format-standard","has-post-thumbnail","hentry","category-actualidad","category-sociedad"],"_links":{"self":[{"href":"https:\/\/infogandia.es\/index.php\/wp-json\/wp\/v2\/posts\/5588","targetHints":{"allow":["GET"]}}],"collection":[{"href":"https:\/\/infogandia.es\/index.php\/wp-json\/wp\/v2\/posts"}],"about":[{"href":"https:\/\/infogandia.es\/index.php\/wp-json\/wp\/v2\/types\/post"}],"author":[{"embeddable":true,"href":"https:\/\/infogandia.es\/index.php\/wp-json\/wp\/v2\/users\/1"}],"replies":[{"embeddable":true,"href":"https:\/\/infogandia.es\/index.php\/wp-json\/wp\/v2\/comments?post=5588"}],"version-history":[{"count":1,"href":"https:\/\/infogandia.es\/index.php\/wp-json\/wp\/v2\/posts\/5588\/revisions"}],"predecessor-version":[{"id":5589,"href":"https:\/\/infogandia.es\/index.php\/wp-json\/wp\/v2\/posts\/5588\/revisions\/5589"}],"wp:featuredmedia":[{"embeddable":true,"href":"https:\/\/infogandia.es\/index.php\/wp-json\/wp\/v2\/media\/5581"}],"wp:attachment":[{"href":"https:\/\/infogandia.es\/index.php\/wp-json\/wp\/v2\/media?parent=5588"}],"wp:term":[{"taxonomy":"category","embeddable":true,"href":"https:\/\/infogandia.es\/index.php\/wp-json\/wp\/v2\/categories?post=5588"},{"taxonomy":"post_tag","embeddable":true,"href":"https:\/\/infogandia.es\/index.php\/wp-json\/wp\/v2\/tags?post=5588"}],"curies":[{"name":"wp","href":"https:\/\/api.w.org\/{rel}","templated":true}]}}