{"id":5590,"date":"2025-02-05T15:21:42","date_gmt":"2025-02-05T15:21:42","guid":{"rendered":"https:\/\/infogandia.es\/?p=5590"},"modified":"2025-02-05T16:30:02","modified_gmt":"2025-02-05T16:30:02","slug":"la-diputacion-y-fepeval-impulsan-el-formworking-para-la-formacion-de-directivos-en-oliva-ontinyent-y-sueca","status":"publish","type":"post","link":"https:\/\/infogandia.es\/index.php\/2025\/02\/05\/la-diputacion-y-fepeval-impulsan-el-formworking-para-la-formacion-de-directivos-en-oliva-ontinyent-y-sueca\/","title":{"rendered":"La Diputaci\u00f3n y FEPEVAL impulsan el \u2018Formworking\u2019 para la formaci\u00f3n de directivos en Oliva, Ontinyent y Sueca"},"content":{"rendered":"\n<p>La Diputaci\u00f3n de Valencia, en colaboraci\u00f3n con la Federaci\u00f3n de Parques Empresariales de la Comunitat Valenciana (FEPEVAL), ha puesto en marcha el programa <strong>\u2018Formworking\u2019<\/strong>, una iniciativa innovadora destinada a la formaci\u00f3n especializada de directivos de empresas locales. El objetivo es fortalecer la relaci\u00f3n entre el sector p\u00fablico y privado y contribuir al desarrollo econ\u00f3mico de los municipios valencianos.<\/p>\n\n\n\n<p>Este programa de formaci\u00f3n descentralizada, que contar\u00e1 con la participaci\u00f3n de <strong>expertos de EDEM<\/strong>, busca acercar conocimientos clave a los directivos de empresas en sus propias comarcas, facilitando as\u00ed el acceso a herramientas para afrontar los retos del futuro. La Diputaci\u00f3n ha destinado una <strong>subvenci\u00f3n de 120.000 euros<\/strong> para iniciar el proyecto, que en su primera edici\u00f3n llegar\u00e1 a <strong>Oliva, Ontinyent y Sueca<\/strong>.<\/p>\n\n\n\n<p>La vicepresidenta primera de la Diputaci\u00f3n, <strong>Nat\u00e0lia Enguix<\/strong>, ha destacado que el <strong>Formworking es una herramienta de transformaci\u00f3n clave<\/strong>:<\/p>\n\n\n\n<blockquote class=\"wp-block-quote is-layout-flow wp-block-quote-is-layout-flow\">\n<p><em>\u201cEste programa permite mejorar la capacitaci\u00f3n de quienes forman parte del tejido empresarial y comercial de nuestras comarcas. Buscamos crear espacios humanos, inclusivos y eficientes dentro de cada empresa, dot\u00e1ndolas de herramientas para afrontar el futuro y retos como la reconstrucci\u00f3n tras la DANA\u201d.<\/em><\/p>\n<\/blockquote>\n\n\n\n<p>El presidente de FEPEVAL, <strong>Diego Rom\u00e1<\/strong>, ha subrayado la importancia de esta colaboraci\u00f3n entre administraciones y empresas:<\/p>\n\n\n\n<blockquote class=\"wp-block-quote is-layout-flow wp-block-quote-is-layout-flow\">\n<p><em>\u201cLos parques empresariales son los \u00faltimos barrios de los municipios, a menudo desconocidos, y con esta iniciativa queremos acercar a las empresas entre s\u00ed y fomentar sinergias. Muchas veces, en una misma zona industrial nadie se conoce, y estas din\u00e1micas de grupo pueden cambiarlo todo\u201d.<\/em><\/p>\n<\/blockquote>\n\n\n\n<p>Rom\u00e1 tambi\u00e9n ha recordado los <strong>graves da\u00f1os que la DANA caus\u00f3 en parques empresariales de la provincia<\/strong>, y ha defendido la importancia de herramientas como <strong>el Formworking para ayudar a aut\u00f3nomos y pymes a mejorar su comunicaci\u00f3n y capacidad de respuesta ante crisis<\/strong>.<\/p>\n\n\n\n<p>El programa <strong>Formworking<\/strong> contar\u00e1 con <strong>ponentes de gran prestigio<\/strong> como <strong>Bernardo Perales<\/strong>, exdirector de planificaci\u00f3n comercial de Telef\u00f3nica, y <strong>Pepe Crespo<\/strong>, doctor en Ingenier\u00eda Gr\u00e1fica por la UPV y especialista en comunicaci\u00f3n empresarial.<\/p>\n\n\n\n<p>Las primeras sesiones tendr\u00e1n lugar en:<br>\u2705 <strong>Ontinyent<\/strong>: 12 y 19 de febrero<br>\u2705 <strong>Oliva<\/strong>: 13 y 20 de febrero<br>\u2705 <strong>Sueca<\/strong>: 17 y 19 de febrero<\/p>\n\n\n\n<p>Cada municipio acoger\u00e1 <strong>dos jornadas de formaci\u00f3n intensiva de ocho horas<\/strong>, donde se abordar\u00e1n temas clave para mejorar la gesti\u00f3n empresarial y potenciar las relaciones entre empresas y ayuntamientos. Las empresas interesadas en participar pueden inscribirse en la web: <strong><a href=\"https:\/\/formworking.es\/\">www.formworking.es<\/a><\/strong>. Desde la Diputaci\u00f3n aseguran que esta iniciativa no se quedar\u00e1 aqu\u00ed. <strong>Nat\u00e0lia Enguix<\/strong> ha avanzado que el proyecto <strong>se ampliar\u00e1 a m\u00e1s municipios<\/strong> en futuras ediciones:<\/p>\n\n\n\n<blockquote class=\"wp-block-quote is-layout-flow wp-block-quote-is-layout-flow\">\n<p><em>\u201cEste es solo el comienzo de una gran alianza entre administraciones y empresas para fortalecer el desarrollo econ\u00f3mico local\u201d.<\/em><\/p>\n<\/blockquote>\n\n\n\n<p>El Formworking nace con la intenci\u00f3n de <strong>convertirse en un pilar fundamental en la formaci\u00f3n directiva en la Comunitat Valenciana<\/strong>, acercando el conocimiento y potenciando el crecimiento de los negocios locales.<\/p>\n","protected":false},"excerpt":{"rendered":"<p>La Diputaci\u00f3n de Valencia, en colaboraci\u00f3n con la Federaci\u00f3n de Parques Empresariales de la Comunitat Valenciana (FEPEVAL), ha puesto en marcha el programa \u2018Formworking\u2019, una iniciativa innovadora destinada a la formaci\u00f3n especializada de directivos de empresas locales. El objetivo es fortalecer la relaci\u00f3n entre el sector p\u00fablico y privado y contribuir al desarrollo econ\u00f3mico de&#8230;<\/p>\n","protected":false},"author":1,"featured_media":5591,"comment_status":"open","ping_status":"open","sticky":false,"template":"","format":"standard","meta":{"footnotes":""},"categories":[1,3],"tags":[],"class_list":["post-5590","post","type-post","status-publish","format-standard","has-post-thumbnail","hentry","category-actualidad","category-politica"],"_links":{"self":[{"href":"https:\/\/infogandia.es\/index.php\/wp-json\/wp\/v2\/posts\/5590","targetHints":{"allow":["GET"]}}],"collection":[{"href":"https:\/\/infogandia.es\/index.php\/wp-json\/wp\/v2\/posts"}],"about":[{"href":"https:\/\/infogandia.es\/index.php\/wp-json\/wp\/v2\/types\/post"}],"author":[{"embeddable":true,"href":"https:\/\/infogandia.es\/index.php\/wp-json\/wp\/v2\/users\/1"}],"replies":[{"embeddable":true,"href":"https:\/\/infogandia.es\/index.php\/wp-json\/wp\/v2\/comments?post=5590"}],"version-history":[{"count":1,"href":"https:\/\/infogandia.es\/index.php\/wp-json\/wp\/v2\/posts\/5590\/revisions"}],"predecessor-version":[{"id":5592,"href":"https:\/\/infogandia.es\/index.php\/wp-json\/wp\/v2\/posts\/5590\/revisions\/5592"}],"wp:featuredmedia":[{"embeddable":true,"href":"https:\/\/infogandia.es\/index.php\/wp-json\/wp\/v2\/media\/5591"}],"wp:attachment":[{"href":"https:\/\/infogandia.es\/index.php\/wp-json\/wp\/v2\/media?parent=5590"}],"wp:term":[{"taxonomy":"category","embeddable":true,"href":"https:\/\/infogandia.es\/index.php\/wp-json\/wp\/v2\/categories?post=5590"},{"taxonomy":"post_tag","embeddable":true,"href":"https:\/\/infogandia.es\/index.php\/wp-json\/wp\/v2\/tags?post=5590"}],"curies":[{"name":"wp","href":"https:\/\/api.w.org\/{rel}","templated":true}]}}