{"id":5593,"date":"2025-02-05T16:31:21","date_gmt":"2025-02-05T16:31:21","guid":{"rendered":"https:\/\/infogandia.es\/?p=5593"},"modified":"2025-02-05T16:31:21","modified_gmt":"2025-02-05T16:31:21","slug":"la-diputacio-de-valencia-incrementa-en-medio-millon-de-euros-el-presupuesto-para-salud-mental","status":"publish","type":"post","link":"https:\/\/infogandia.es\/index.php\/2025\/02\/05\/la-diputacio-de-valencia-incrementa-en-medio-millon-de-euros-el-presupuesto-para-salud-mental\/","title":{"rendered":"La Diputaci\u00f3 de Val\u00e8ncia incrementa en medio mill\u00f3n de euros el presupuesto para salud mental"},"content":{"rendered":"\n<p>La Diputaci\u00f3 de Val\u00e8ncia ha incrementado este ejercicio el presupuesto en materia de salud mental, que asciende a 4.305.000 euros, con una parte importante de la dotaci\u00f3n para el Hospital de B\u00e9tera y su modelo asistencial innovador, a pesar de que, como recuerda la diputada de Bienestar Social, Imma Gonz\u00e1lez, \u201cla salud mental no es una competencia propia de esta instituci\u00f3n, que colabora en todo lo que est\u00e1 a su alcance con la Conselleria de Sanidad y el Plan Valenciano de Salud Mental y Adicciones 2024-2027.<\/p>\n\n\n\n<p>La responsable provincial de Bienestar ha avanzado el incremento presupuestario durante el pleno extraordinario celebrado este mi\u00e9rcoles para debatir la moci\u00f3n presentada por el grupo socialista, que propon\u00eda un plan estrat\u00e9gico en materia de salud mental para la provincia. Imma Gonz\u00e1lez ha puesto en valor \u201cla atenci\u00f3n que se presta en el Hospital de Salud Mental de B\u00e9tera y el seguimiento que se hace a pacientes que fueron ingresados en residencias tras el cierre del antiguo psiqui\u00e1trico, as\u00ed como la labor de prevenci\u00f3n de las adicciones y proyectos espec\u00edficos vinculados con el Alzheimer y otras demencias que se desarrollan en el \u00e1mbito provincial\u201d.<\/p>\n\n\n\n<p>El repaso a las actuaciones que lleva a cabo la instituci\u00f3n provincial en salud mental, pese a no ser una de sus competencias, ha servido para argumentar el voto contrario del equipo de gobierno a la moci\u00f3n socialista. \u201cNo es una cuesti\u00f3n de voluntad, porque todos estamos de acuerdo en la importancia de la salud mental y m\u00e1s ante situaciones tr\u00e1gicas; es cuesti\u00f3n de rigor institucional y de gesti\u00f3n eficaz, de que cada instituci\u00f3n desarrolle sus estrategias y programas en funci\u00f3n de sus competencias y colaboremos desde el resto de instituciones para atender m\u00e1s y mejor a las personas\u201d, ha explicado Imma Gonz\u00e1lez.<\/p>\n\n\n\n<p>El grupo Vox se ha sumado al voto que ha hecho decaer la propuesta. En palabras de Sergio Herrero, \u201cestamos de acuerdo en el agotamiento del sistema, la saturaci\u00f3n y que en algunos casos no se hace lo suficiente, pero precisamente en esta materia se ha aprobado un plan auton\u00f3mico que incrementa en 238 millones las partidas que destinaba el Gobierno del Bot\u00e1nico, y que nuestro grupo ha respaldado\u201d. \u201cEn este caso, se\u00f1or Bielsa, llegan ustedes tarde despu\u00e9s de haber gobernado durante ocho a\u00f1os las principales instituciones\u201d, ha reprochado el diputado de Vox al portavoz socialista.<\/p>\n\n\n\n<p>El propio Bielsa, que ha defendido la moci\u00f3n presentada por su grupo, ha lanzado una pregunta ret\u00f3rica que ha subido el tono del debate. \u201c\u00bfAlg\u00fan problema en hablar de esto?\u201d El equipo de gobierno no ha entendido el mensaje cuando ha facilitado la convocatoria de este pleno extraordinario con el \u00fanico punto del d\u00eda propuesto por el grupo socialista. \u201cEstamos aqu\u00ed para hablar las veces que haga falta de salud mental y de cualquier otro tema, pero parece que el se\u00f1or Bielsa no recuerda en qu\u00e9 situaci\u00f3n dejaron el Hospital de Salud Mental de B\u00e9tera, y tampoco que durante la anterior legislatura intentaron en varias ocasiones cederlo a la Generalitat. Es posible que entonces no le hicieran falta tantos titulares al se\u00f1or Bielsa&#8230;\u201d, ha respondido Imma Gonz\u00e1lez.<\/p>\n\n\n\n<p>El portavoz socialista ha insistido en una propuesta que solo ha contado con el apoyo de Comprom\u00eds: \u201csean m\u00e1s humildes y no caigan en la tentaci\u00f3n de creerse perfectos. Nunca antes se hizo tanto por la salud mental como en tiempos del Bot\u00e0nic. Ahora solo tenemos recortes con su pacto indecente, lo que aporta un motivo m\u00e1s para mandarles a la oposici\u00f3n\u201d. Las palabras de Fern\u00e1ndez Bielsa, en clave auton\u00f3mica, han servido para insistir en su propuesta en clave provincial: \u201csiempre hay que hacer cosas nuevas y toca mover ficha en salud mental por el calado insoportable que puede tener la tragedia del 29 de octubre\u201d.<\/p>\n\n\n\n<p>La responsable de Bienestar, Imma Gonz\u00e1lez, ha insistido en que \u201cno tiene sentido iniciar un plan al margen de las autoridades sanitarias competentes, sin base en la evidencia cient\u00edfica y sin atender la necesidad real de la provincia\u201d. En este sentido, Gonz\u00e1lez ha apostado por \u201ctrabajar por la salud mental de las vecinas y vecinos afectados por la dana con hechos, como est\u00e1 haciendo la Diputaci\u00f3n desde el primer momento restaurando infraestructuras y servicios, ayudando a que las familias puedan volver a sus casas en condiciones dignas y asegurando que las carreteras y espacios p\u00fablicos recuperen la funcionalidad y la seguridad\u201d.<\/p>\n\n\n\n<p>En su respuesta, Bielsa ha admitido que la Diputaci\u00f3n \u201cse legitima abordando este tema del que hablamos poco o nada\u201d, si bien ha vuelto a arremeter contra \u201clos negacionistas que afrontan el pleno como una confrontaci\u00f3n\u201d. \u201cEl conformismo no es un buen compa\u00f1ero de viaje\u201d, ha concluido el portavoz socialista, que ha recibido el apoyo del diputado de Comprom\u00eds Pau Andr\u00e9s, quien ha apuntado que \u201cla dana nos ha recordado que somos fr\u00e1giles y necesitamos de recursos compartidos\u201d. Andr\u00e9s ha avanzado que pedir\u00e1n en pr\u00f3ximos plenos que el Hospital de Salud Mental de B\u00e9tera dependa del Hospital General.<\/p>\n\n\n\n<p>El presidente de la Diputaci\u00f3n, Vicent Momp\u00f3, ha despedido una sesi\u00f3n en la que \u201cse pone una vez m\u00e1s de manifiesto que esta instituci\u00f3n no tiene ning\u00fan problema en hablar de cualquier tema, y menos de una cuesti\u00f3n capital como es la salud mental\u201d. En respuesta a la petici\u00f3n del grupo socialista de invitar a la presidenta de la Mancomunidad del Camp de T\u00faria, Amparo Navarro, a ocupar el esca\u00f1o 32 del parlamento provincial, Momp\u00f3 ha recordado que \u201cel reglamento impulsado por su grupo recoge que el esca\u00f1o 32 no puede ser ocupado en un pleno extraordinario\u201d. Este esca\u00f1o da voz a los responsables locales que lo soliciten para debatir sobre un tema de actualidad provincial o realizar alguna propuesta a la instituci\u00f3n en los plenos ordinarios.<\/p>\n\n\n\n<p>La diputada de Bienestar Social ha finalizado su intervenci\u00f3n garantizando el trabajo de la corporaci\u00f3n en su \u00e1mbito competencial. \u201cSeguimos implicados en la constante mejora de la salud mental de la provincia, incluyendo la parte de la reconstrucci\u00f3n en la que estamos volcados, no solo para recuperar lo que ten\u00edamos sino para tratar de mejorarlo, sin postureos ni demagogia\u201d. \u201cPuede que hayan conseguido el titular de prensa para ma\u00f1ana, pero aqu\u00ed se pone de manifiesto la diferencia entre los que trabajan para parecer y los que tratamos de ser de ayuda en la mejora de la calidad de vida de los habitantes de la provincia\u201d, ha concluido Gonz\u00e1lez.<\/p>\n","protected":false},"excerpt":{"rendered":"<p>La Diputaci\u00f3 de Val\u00e8ncia ha incrementado este ejercicio el presupuesto en materia de salud mental, que asciende a 4.305.000 euros, con una parte importante de la dotaci\u00f3n para el Hospital de B\u00e9tera y su modelo asistencial innovador, a pesar de que, como recuerda la diputada de Bienestar Social, Imma Gonz\u00e1lez, \u201cla salud mental no es&#8230;<\/p>\n","protected":false},"author":1,"featured_media":5594,"comment_status":"open","ping_status":"open","sticky":false,"template":"","format":"standard","meta":{"footnotes":""},"categories":[1,3],"tags":[],"class_list":["post-5593","post","type-post","status-publish","format-standard","has-post-thumbnail","hentry","category-actualidad","category-politica"],"_links":{"self":[{"href":"https:\/\/infogandia.es\/index.php\/wp-json\/wp\/v2\/posts\/5593","targetHints":{"allow":["GET"]}}],"collection":[{"href":"https:\/\/infogandia.es\/index.php\/wp-json\/wp\/v2\/posts"}],"about":[{"href":"https:\/\/infogandia.es\/index.php\/wp-json\/wp\/v2\/types\/post"}],"author":[{"embeddable":true,"href":"https:\/\/infogandia.es\/index.php\/wp-json\/wp\/v2\/users\/1"}],"replies":[{"embeddable":true,"href":"https:\/\/infogandia.es\/index.php\/wp-json\/wp\/v2\/comments?post=5593"}],"version-history":[{"count":1,"href":"https:\/\/infogandia.es\/index.php\/wp-json\/wp\/v2\/posts\/5593\/revisions"}],"predecessor-version":[{"id":5595,"href":"https:\/\/infogandia.es\/index.php\/wp-json\/wp\/v2\/posts\/5593\/revisions\/5595"}],"wp:featuredmedia":[{"embeddable":true,"href":"https:\/\/infogandia.es\/index.php\/wp-json\/wp\/v2\/media\/5594"}],"wp:attachment":[{"href":"https:\/\/infogandia.es\/index.php\/wp-json\/wp\/v2\/media?parent=5593"}],"wp:term":[{"taxonomy":"category","embeddable":true,"href":"https:\/\/infogandia.es\/index.php\/wp-json\/wp\/v2\/categories?post=5593"},{"taxonomy":"post_tag","embeddable":true,"href":"https:\/\/infogandia.es\/index.php\/wp-json\/wp\/v2\/tags?post=5593"}],"curies":[{"name":"wp","href":"https:\/\/api.w.org\/{rel}","templated":true}]}}