{"id":5596,"date":"2025-02-06T10:06:23","date_gmt":"2025-02-06T10:06:23","guid":{"rendered":"https:\/\/infogandia.es\/?p=5596"},"modified":"2025-02-06T10:06:23","modified_gmt":"2025-02-06T10:06:23","slug":"la-diputacion-de-valencia-avanza-en-la-reparacion-de-carreteras-afectadas-por-la-dana","status":"publish","type":"post","link":"https:\/\/infogandia.es\/index.php\/2025\/02\/06\/la-diputacion-de-valencia-avanza-en-la-reparacion-de-carreteras-afectadas-por-la-dana\/","title":{"rendered":"La Diputaci\u00f3n de Valencia avanza en la reparaci\u00f3n de carreteras afectadas por la DANA"},"content":{"rendered":"\n<h2 class=\"wp-block-heading\"><strong>Recuperaci\u00f3n de firmes, taludes y cunetas en la red provincial<\/strong><\/h2>\n\n\n\n<p>La <strong>Diputaci\u00f3n de Valencia<\/strong> sigue adelante con el <strong>plan de emergencia para la reparaci\u00f3n de carreteras provinciales<\/strong> afectadas por la reciente <strong>DANA<\/strong>, con intervenciones en firmes, taludes y cunetas en diferentes comarcas. Seg\u00fan ha anunciado el presidente de la Diputaci\u00f3n, <strong>Vicent Momp\u00f3<\/strong>, la instituci\u00f3n <strong>asignar\u00e1 todos los recursos necesarios<\/strong> hasta completar la rehabilitaci\u00f3n de la red viaria.<\/p>\n\n\n\n<p>Momp\u00f3 ha recordado que las <strong>obras de recuperaci\u00f3n comenzaron apenas 48 horas despu\u00e9s del temporal<\/strong>, con el objetivo de garantizar una <strong>respuesta r\u00e1pida<\/strong> a los municipios que quedaron pr\u00e1cticamente incomunicados.<\/p>\n\n\n\n<p>Por su parte, la vicepresidenta segunda y diputada de Carreteras, <strong>Reme Mazzolari<\/strong>, ha se\u00f1alado que todas las actuaciones <strong>se est\u00e1n ejecutando por procedimiento de emergencia<\/strong>, utilizando fondos de los remanentes de tesorer\u00eda. Esto asegura que la hoja de ruta de la Diputaci\u00f3n en <strong>otras comarcas<\/strong> <strong>no se vea afectada<\/strong>, manteniendo as\u00ed el equilibrio territorial en la gesti\u00f3n de la red de carreteras.<\/p>\n\n\n\n<h2 class=\"wp-block-heading\"><strong>Comarcas afectadas y actuaciones en marcha<\/strong>:<\/h2>\n\n\n\n<p>La Diputaci\u00f3n ha desplegado un <strong>plan integral<\/strong> que incluye:<br>\u2705 <strong>Limpieza y rehabilitaci\u00f3n de v\u00edas<\/strong><br>\u2705 <strong>Estabilizaci\u00f3n de taludes<\/strong><br>\u2705 <strong>Construcci\u00f3n de muros de escollera<\/strong><br>\u2705 <strong>Mejoras en el drenaje para prevenir futuros da\u00f1os<\/strong><\/p>\n\n\n\n<h3 class=\"wp-block-heading\"><strong>\ud83d\udccd Utiel-Requena<\/strong><\/h3>\n\n\n\n<p>En esta comarca, los trabajos se centran en las carreteras:<br>\ud83d\udd39 <strong>CV-391<\/strong> (Requena &#8211; El Remedio, por Villar de Olmos)<br>\ud83d\udd39 <strong>CV-395<\/strong> (Requena &#8211; Villar del Arzobispo)<br>\ud83d\udd39 <strong>CV-444<\/strong> (acceso norte a Campo Arc\u00eds)<br>\ud83d\udd39 <strong>CV-470<\/strong> (Utiel \u2013 Mira, por Camporrobles)<br>\ud83d\udd39 <strong>CV-475<\/strong> (Los Isidros \u2013 Camporrobles, por Fuenterrobles y Jaraguas)<\/p>\n\n\n\n<h3 class=\"wp-block-heading\"><strong>\ud83d\udccd La Ribera<\/strong><\/h3>\n\n\n\n<p>Esta semana se est\u00e1n finalizando obras en:<br>\ud83d\udd39 <strong>CV-522<\/strong> (hormigonado de berma y talud, mejora del drenaje)<br>\ud83d\udd39 <strong>CV-543<\/strong> (hormigonado de berma y talud)<br>\ud83d\udd39 <strong>CV-544<\/strong> (derribo de la antigua acequia, desbroce de cuneta)<br>\ud83d\udd39 <strong>CV-603<\/strong> (desbroce de cuneta)<\/p>\n\n\n\n<h3 class=\"wp-block-heading\"><strong>\ud83d\udccd Hoya de Bu\u00f1ol-Chiva<\/strong><\/h3>\n\n\n\n<p>Es una de las zonas m\u00e1s afectadas por la DANA. Se est\u00e1n llevando a cabo trabajos de:<br>\ud83d\udd39 <strong>Limpieza de cunetas y arrastres<\/strong><br>\ud83d\udd39 <strong>Protecci\u00f3n y reparaci\u00f3n de taludes (muros de escollera y micropilotes)<\/strong><br>\ud83d\udd39 <strong>Ampliaci\u00f3n de bermas y formaci\u00f3n de cunetas de hormig\u00f3n<\/strong><br>Carreteras afectadas: <strong>CV-378, CV-381, CV-415, CV-424, CV-426, CV-429, CV-580, CV-427, CV-434 y CV-435<\/strong>.<\/p>\n\n\n\n<h3 class=\"wp-block-heading\"><strong>\ud83d\udccd Camp de T\u00faria<\/strong><\/h3>\n\n\n\n<p>En la <strong>CV-374<\/strong> y la <strong>CV-413<\/strong> se est\u00e1n realizando trabajos de:<br>\ud83d\udd39 <strong>Reconstrucci\u00f3n y hormigonado de cunetas<\/strong><br>\ud83d\udd39 <strong>Colocaci\u00f3n de se\u00f1alizaci\u00f3n vertical<\/strong><br>\ud83d\udd39 <strong>Preparaci\u00f3n de desv\u00edos provisionales<\/strong><\/p>\n\n\n\n<h3 class=\"wp-block-heading\"><strong>\ud83d\udccd La Serran\u00eda<\/strong><\/h3>\n\n\n\n<p>\ud83d\udd39 <strong>Limpieza de cunetas y refino de taludes<\/strong> en la <strong>CV-395 y CV-377<\/strong><br>\ud83d\udd39 <strong>Estabilizaci\u00f3n de taludes y extracci\u00f3n de escollera para muros<\/strong><\/p>\n\n\n\n<p>Paralelamente a la reparaci\u00f3n de carreteras, la <strong>Diputaci\u00f3n de Valencia<\/strong> trabaja en la <strong>reconstrucci\u00f3n de 29 grandes estructuras<\/strong> afectadas por el temporal, entre <strong>puentes y pontones<\/strong>.<\/p>\n\n\n\n<p>Estos trabajos incluyen:<br>\ud83d\udd38 <strong>Reparaci\u00f3n de pilas y estribos colapsados<\/strong><br>\ud83d\udd38 <strong>Estabilizaci\u00f3n de elementos estructurales<\/strong><br>\ud83d\udd38 <strong>Recuperaci\u00f3n de accesos da\u00f1ados por la crecida de r\u00edos<\/strong><br>\ud83d\udd38 <strong>Reposici\u00f3n de sistemas de contenci\u00f3n y pavimentos<\/strong><\/p>\n\n\n\n<p>La distribuci\u00f3n de estas obras ha sido <strong>coordinada con la Generalitat y el Ministerio de Transportes<\/strong> para garantizar una actuaci\u00f3n eficaz en toda la provincia. El presidente de la Diputaci\u00f3n, <strong>Vicent Momp\u00f3<\/strong>, ha insistido en que la <strong>rehabilitaci\u00f3n de la red viaria es una prioridad absoluta<\/strong> dentro de la respuesta al desastre: <em>\u201cNo pararemos hasta que todas las carreteras est\u00e9n completamente operativas y en condiciones \u00f3ptimas<\/em>\u201d.<\/p>\n\n\n\n<p>Por su parte, <strong>Reme Mazzolari<\/strong> ha asegurado que la intervenci\u00f3n se est\u00e1 ejecutando <strong>sin afectar la planificaci\u00f3n en el resto de la provincia<\/strong>: <em>\u201cNuestro compromiso es garantizar que todas las comarcas reciban el apoyo necesario para su desarrollo\u201d.<\/em><\/p>\n\n\n\n<p>Con este plan de emergencia en marcha, la Diputaci\u00f3n de Valencia reafirma su papel en la recuperaci\u00f3n de las infraestructuras afectadas por la DANA, garantizando la <strong>movilidad y seguridad en la red de carreteras provinciales<\/strong>.<\/p>\n\n\n\n<figure class=\"wp-block-image size-large\"><img fetchpriority=\"high\" decoding=\"async\" width=\"1024\" height=\"576\" src=\"http:\/\/infogandia.es\/wp-content\/uploads\/2025\/02\/Imagen-de-WhatsApp-2025-02-05-a-las-18.09.27_5f7f339f-1024x576.jpg\" alt=\"\" class=\"wp-image-5597\" srcset=\"https:\/\/infogandia.es\/wp-content\/uploads\/2025\/02\/Imagen-de-WhatsApp-2025-02-05-a-las-18.09.27_5f7f339f-1024x576.jpg 1024w, https:\/\/infogandia.es\/wp-content\/uploads\/2025\/02\/Imagen-de-WhatsApp-2025-02-05-a-las-18.09.27_5f7f339f-300x169.jpg 300w, https:\/\/infogandia.es\/wp-content\/uploads\/2025\/02\/Imagen-de-WhatsApp-2025-02-05-a-las-18.09.27_5f7f339f-768x432.jpg 768w, https:\/\/infogandia.es\/wp-content\/uploads\/2025\/02\/Imagen-de-WhatsApp-2025-02-05-a-las-18.09.27_5f7f339f-1536x864.jpg 1536w, https:\/\/infogandia.es\/wp-content\/uploads\/2025\/02\/Imagen-de-WhatsApp-2025-02-05-a-las-18.09.27_5f7f339f.jpg 1600w\" sizes=\"(max-width: 1024px) 100vw, 1024px\" \/><\/figure>\n","protected":false},"excerpt":{"rendered":"<p>Recuperaci\u00f3n de firmes, taludes y cunetas en la red provincial La Diputaci\u00f3n de Valencia sigue adelante con el plan de emergencia para la reparaci\u00f3n de carreteras provinciales afectadas por la reciente DANA, con intervenciones en firmes, taludes y cunetas en diferentes comarcas. Seg\u00fan ha anunciado el presidente de la Diputaci\u00f3n, Vicent Momp\u00f3, la instituci\u00f3n asignar\u00e1&#8230;<\/p>\n","protected":false},"author":1,"featured_media":5598,"comment_status":"open","ping_status":"open","sticky":false,"template":"","format":"standard","meta":{"footnotes":""},"categories":[1,3,27],"tags":[],"class_list":["post-5596","post","type-post","status-publish","format-standard","has-post-thumbnail","hentry","category-actualidad","category-politica","category-sociedad"],"_links":{"self":[{"href":"https:\/\/infogandia.es\/index.php\/wp-json\/wp\/v2\/posts\/5596","targetHints":{"allow":["GET"]}}],"collection":[{"href":"https:\/\/infogandia.es\/index.php\/wp-json\/wp\/v2\/posts"}],"about":[{"href":"https:\/\/infogandia.es\/index.php\/wp-json\/wp\/v2\/types\/post"}],"author":[{"embeddable":true,"href":"https:\/\/infogandia.es\/index.php\/wp-json\/wp\/v2\/users\/1"}],"replies":[{"embeddable":true,"href":"https:\/\/infogandia.es\/index.php\/wp-json\/wp\/v2\/comments?post=5596"}],"version-history":[{"count":1,"href":"https:\/\/infogandia.es\/index.php\/wp-json\/wp\/v2\/posts\/5596\/revisions"}],"predecessor-version":[{"id":5599,"href":"https:\/\/infogandia.es\/index.php\/wp-json\/wp\/v2\/posts\/5596\/revisions\/5599"}],"wp:featuredmedia":[{"embeddable":true,"href":"https:\/\/infogandia.es\/index.php\/wp-json\/wp\/v2\/media\/5598"}],"wp:attachment":[{"href":"https:\/\/infogandia.es\/index.php\/wp-json\/wp\/v2\/media?parent=5596"}],"wp:term":[{"taxonomy":"category","embeddable":true,"href":"https:\/\/infogandia.es\/index.php\/wp-json\/wp\/v2\/categories?post=5596"},{"taxonomy":"post_tag","embeddable":true,"href":"https:\/\/infogandia.es\/index.php\/wp-json\/wp\/v2\/tags?post=5596"}],"curies":[{"name":"wp","href":"https:\/\/api.w.org\/{rel}","templated":true}]}}