{"id":5600,"date":"2025-02-06T10:08:46","date_gmt":"2025-02-06T10:08:46","guid":{"rendered":"https:\/\/infogandia.es\/?p=5600"},"modified":"2025-02-06T10:08:46","modified_gmt":"2025-02-06T10:08:46","slug":"gandia-se-vuelca-con-el-circuito-de-invierno-de-voley-playa","status":"publish","type":"post","link":"https:\/\/infogandia.es\/index.php\/2025\/02\/06\/gandia-se-vuelca-con-el-circuito-de-invierno-de-voley-playa\/","title":{"rendered":"Gandia se vuelca con el Circuito de Invierno de V\u00f3ley Playa"},"content":{"rendered":"\n<p>Gandia se prepara para vivir un fin de semana lleno de emoci\u00f3n con la <strong>cuarta parada del Circuito de Invierno de V\u00f3ley Playa<\/strong>, organizado por la <strong>Federaci\u00f3n de Voleibol de la Comunitat Valenciana<\/strong>. La <strong>Platja Nord<\/strong> ser\u00e1 el escenario donde <strong>unos 200 deportistas de todas las edades y niveles<\/strong> disfrutar\u00e1n de este deporte, que gana cada vez m\u00e1s popularidad, tanto en invierno como en verano.<\/p>\n\n\n\n<p>\ud83d\udd38 <strong>S\u00e1bado 8 de febrero:<\/strong> La jornada estar\u00e1 dedicada a los jugadores m\u00e1s j\u00f3venes y a los amateurs, quienes podr\u00e1n competir y aprender en un ambiente deportivo y l\u00fadico.<\/p>\n\n\n\n<p>\ud83d\udd38 <strong>Domingo 9 de febrero:<\/strong> Llega la <strong>competici\u00f3n profesional<\/strong>, puntuable para el <strong>ranking nacional<\/strong> y con <strong>premios en met\u00e1lico<\/strong>. En esta cita participar\u00e1n algunas de las <strong>mejores parejas de Espa\u00f1a<\/strong>, adem\u00e1s de jugadores internacionales de <strong>hasta 20 nacionalidades diferentes<\/strong>.<\/p>\n\n\n\n<p>En el <strong>cuadro masculino<\/strong>, la gran atracci\u00f3n ser\u00e1 la dupla <strong>Saucedo-Viera<\/strong>, de la selecci\u00f3n espa\u00f1ola, que parte como favorita junto a los alicantinos <strong>Moreno-Sanf\u00e9lix<\/strong>. Adem\u00e1s, el exol\u00edmpico <strong>Ra\u00fal Mesa<\/strong> competir\u00e1 formando pareja con el venezolano <strong>Hern\u00e1n Tovar<\/strong>.<\/p>\n\n\n\n<p>En la <strong>categor\u00eda femenina<\/strong>, el nivel de la competici\u00f3n ser\u00e1 alt\u00edsimo, ya que participar\u00e1n <strong>cuatro parejas de la selecci\u00f3n espa\u00f1ola sub-19<\/strong>, asegurando un espect\u00e1culo de primer nivel.<\/p>\n\n\n\n<p>La cita en Gandia es la <strong>cuarta parada del Circuito de Invierno<\/strong>, tras las pruebas disputadas en <strong>El Campello, Val\u00e8ncia y Sant Joan d&#8217;Alacant<\/strong>. Despu\u00e9s de Gandia, el circuito continuar\u00e1 en:<br>\ud83d\udccc <strong>Benic\u00e0ssim \u2013 9 de marzo<\/strong><br>\ud83d\udccc <strong>Alicante \u2013 30 de marzo<\/strong><\/p>\n\n\n\n<h3 class=\"wp-block-heading\"><strong>\ud83d\udcc5 Horarios y acceso gratuito<\/strong><\/h3>\n\n\n\n<p>\ud83d\udccc <strong>Domingo 9 de febrero<\/strong><br>\u23f0 <strong>Inicio de partidos:<\/strong> 9:00 h<br>\ud83c\udf7d <strong>No habr\u00e1 par\u00f3n para comer<\/strong><br>\ud83c\udfc6 <strong>Finales previstas:<\/strong> 17:00 h<\/p>\n\n\n\n<p>\ud83d\udce3 <strong>La entrada es gratuita<\/strong>, por lo que se espera una gran afluencia de p\u00fablico en la Platja Nord para disfrutar de uno de los deportes m\u00e1s espectaculares sobre la arena.<\/p>\n","protected":false},"excerpt":{"rendered":"<p>Gandia se prepara para vivir un fin de semana lleno de emoci\u00f3n con la cuarta parada del Circuito de Invierno de V\u00f3ley Playa, organizado por la Federaci\u00f3n de Voleibol de la Comunitat Valenciana. La Platja Nord ser\u00e1 el escenario donde unos 200 deportistas de todas las edades y niveles disfrutar\u00e1n de este deporte, que gana&#8230;<\/p>\n","protected":false},"author":1,"featured_media":5601,"comment_status":"open","ping_status":"open","sticky":false,"template":"","format":"standard","meta":{"footnotes":""},"categories":[1,4],"tags":[],"class_list":["post-5600","post","type-post","status-publish","format-standard","has-post-thumbnail","hentry","category-actualidad","category-deporte"],"_links":{"self":[{"href":"https:\/\/infogandia.es\/index.php\/wp-json\/wp\/v2\/posts\/5600","targetHints":{"allow":["GET"]}}],"collection":[{"href":"https:\/\/infogandia.es\/index.php\/wp-json\/wp\/v2\/posts"}],"about":[{"href":"https:\/\/infogandia.es\/index.php\/wp-json\/wp\/v2\/types\/post"}],"author":[{"embeddable":true,"href":"https:\/\/infogandia.es\/index.php\/wp-json\/wp\/v2\/users\/1"}],"replies":[{"embeddable":true,"href":"https:\/\/infogandia.es\/index.php\/wp-json\/wp\/v2\/comments?post=5600"}],"version-history":[{"count":1,"href":"https:\/\/infogandia.es\/index.php\/wp-json\/wp\/v2\/posts\/5600\/revisions"}],"predecessor-version":[{"id":5602,"href":"https:\/\/infogandia.es\/index.php\/wp-json\/wp\/v2\/posts\/5600\/revisions\/5602"}],"wp:featuredmedia":[{"embeddable":true,"href":"https:\/\/infogandia.es\/index.php\/wp-json\/wp\/v2\/media\/5601"}],"wp:attachment":[{"href":"https:\/\/infogandia.es\/index.php\/wp-json\/wp\/v2\/media?parent=5600"}],"wp:term":[{"taxonomy":"category","embeddable":true,"href":"https:\/\/infogandia.es\/index.php\/wp-json\/wp\/v2\/categories?post=5600"},{"taxonomy":"post_tag","embeddable":true,"href":"https:\/\/infogandia.es\/index.php\/wp-json\/wp\/v2\/tags?post=5600"}],"curies":[{"name":"wp","href":"https:\/\/api.w.org\/{rel}","templated":true}]}}