{"id":5617,"date":"2025-02-13T11:40:32","date_gmt":"2025-02-13T11:40:32","guid":{"rendered":"https:\/\/infogandia.es\/?p=5617"},"modified":"2025-02-13T11:40:32","modified_gmt":"2025-02-13T11:40:32","slug":"jesus-arrue-y-maika-sousa-donan-sus-obras-sobre-la-dana-a-la-diputacio-de-valencia","status":"publish","type":"post","link":"https:\/\/infogandia.es\/index.php\/2025\/02\/13\/jesus-arrue-y-maika-sousa-donan-sus-obras-sobre-la-dana-a-la-diputacio-de-valencia\/","title":{"rendered":"Jes\u00fas Arr\u00fae y Maika Sousa donan sus obras sobre la DANA a la Diputaci\u00f3 de Val\u00e8ncia"},"content":{"rendered":"\n<p>Los artistas Jes\u00fas Arr\u00fae y Maika Sousa han donado sus obras inspiradas en la reciente DANA a la Diputaci\u00f3 de Val\u00e8ncia, como un homenaje a la resiliencia y solidaridad del pueblo valenciano ante la adversidad.<\/p>\n\n\n\n<p>Jes\u00fas Arr\u00fae ha entregado su pintura <em>Val\u00e8ncia en Peu<\/em>, una obra simb\u00f3lica que refleja la capacidad de la ciudad para sobreponerse a la tragedia. En ella, un brazo entrelazado con una rama de hojas verdes emerge de la Senyera, representando la recuperaci\u00f3n de las zonas afectadas por la riada del 29 de octubre. <em>&#8220;Valencia siempre ha sabido levantarse ante la adversidad, y esta obra es un homenaje a esa fortaleza. Desde el primer momento, me involucr\u00e9 en ayudar a las personas afectadas, y esta donaci\u00f3n es una forma m\u00e1s de reafirmar mi compromiso con mi tierra&#8221;<\/em>, ha declarado Arr\u00fae.<\/p>\n\n\n\n<p>Por su parte, la artista Maika Sousa, natural de Xirivella, ha donado su obra <em>Gratitud<\/em>, un testimonio pict\u00f3rico del trabajo del voluntariado durante la crisis. <em>&#8220;Es un homenaje a esas personas que, sin recibir nada a cambio, han estado volcadas no solo con el trabajo f\u00edsico, sino tambi\u00e9n con el apoyo moral. Ha sido un gran ejemplo humano&#8221;,<\/em> ha explicado Sousa. Su obra refleja con detalle la dedicaci\u00f3n de los voluntarios en una calle de un pueblo afectado por la DANA.<\/p>\n\n\n\n<figure class=\"wp-block-image size-large\"><img fetchpriority=\"high\" decoding=\"async\" width=\"1024\" height=\"665\" src=\"http:\/\/infogandia.es\/wp-content\/uploads\/2025\/02\/Imagen-de-WhatsApp-2025-02-12-a-las-18.48.00_823fa09f-1024x665.jpg\" alt=\"\" class=\"wp-image-5618\" srcset=\"https:\/\/infogandia.es\/wp-content\/uploads\/2025\/02\/Imagen-de-WhatsApp-2025-02-12-a-las-18.48.00_823fa09f-1024x665.jpg 1024w, https:\/\/infogandia.es\/wp-content\/uploads\/2025\/02\/Imagen-de-WhatsApp-2025-02-12-a-las-18.48.00_823fa09f-300x195.jpg 300w, https:\/\/infogandia.es\/wp-content\/uploads\/2025\/02\/Imagen-de-WhatsApp-2025-02-12-a-las-18.48.00_823fa09f-768x499.jpg 768w, https:\/\/infogandia.es\/wp-content\/uploads\/2025\/02\/Imagen-de-WhatsApp-2025-02-12-a-las-18.48.00_823fa09f-1536x997.jpg 1536w, https:\/\/infogandia.es\/wp-content\/uploads\/2025\/02\/Imagen-de-WhatsApp-2025-02-12-a-las-18.48.00_823fa09f.jpg 1600w\" sizes=\"(max-width: 1024px) 100vw, 1024px\" \/><\/figure>\n\n\n\n<p>El presidente de la Diputaci\u00f3 de Val\u00e8ncia ha expresado su agradecimiento a ambos artistas y ha elogiado su capacidad para plasmar el sentimiento colectivo ante la tragedia. <em>&#8220;Sin duda, la solidaridad, la resiliencia y el esfuerzo por reconstruir nuestra tierra forman parte de nuestra idiosincrasia<\/em>&#8220;, ha afirmado, destacando adem\u00e1s la coincidencia de ambos artistas en utilizar la Senyera como elemento vertebrador de sus obras.<\/p>\n","protected":false},"excerpt":{"rendered":"<p>Los artistas Jes\u00fas Arr\u00fae y Maika Sousa han donado sus obras inspiradas en la reciente DANA a la Diputaci\u00f3 de Val\u00e8ncia, como un homenaje a la resiliencia y solidaridad del pueblo valenciano ante la adversidad. Jes\u00fas Arr\u00fae ha entregado su pintura Val\u00e8ncia en Peu, una obra simb\u00f3lica que refleja la capacidad de la ciudad para&#8230;<\/p>\n","protected":false},"author":1,"featured_media":5619,"comment_status":"open","ping_status":"open","sticky":false,"template":"","format":"standard","meta":{"footnotes":""},"categories":[1,27],"tags":[],"class_list":["post-5617","post","type-post","status-publish","format-standard","has-post-thumbnail","hentry","category-actualidad","category-sociedad"],"_links":{"self":[{"href":"https:\/\/infogandia.es\/index.php\/wp-json\/wp\/v2\/posts\/5617","targetHints":{"allow":["GET"]}}],"collection":[{"href":"https:\/\/infogandia.es\/index.php\/wp-json\/wp\/v2\/posts"}],"about":[{"href":"https:\/\/infogandia.es\/index.php\/wp-json\/wp\/v2\/types\/post"}],"author":[{"embeddable":true,"href":"https:\/\/infogandia.es\/index.php\/wp-json\/wp\/v2\/users\/1"}],"replies":[{"embeddable":true,"href":"https:\/\/infogandia.es\/index.php\/wp-json\/wp\/v2\/comments?post=5617"}],"version-history":[{"count":1,"href":"https:\/\/infogandia.es\/index.php\/wp-json\/wp\/v2\/posts\/5617\/revisions"}],"predecessor-version":[{"id":5621,"href":"https:\/\/infogandia.es\/index.php\/wp-json\/wp\/v2\/posts\/5617\/revisions\/5621"}],"wp:featuredmedia":[{"embeddable":true,"href":"https:\/\/infogandia.es\/index.php\/wp-json\/wp\/v2\/media\/5619"}],"wp:attachment":[{"href":"https:\/\/infogandia.es\/index.php\/wp-json\/wp\/v2\/media?parent=5617"}],"wp:term":[{"taxonomy":"category","embeddable":true,"href":"https:\/\/infogandia.es\/index.php\/wp-json\/wp\/v2\/categories?post=5617"},{"taxonomy":"post_tag","embeddable":true,"href":"https:\/\/infogandia.es\/index.php\/wp-json\/wp\/v2\/tags?post=5617"}],"curies":[{"name":"wp","href":"https:\/\/api.w.org\/{rel}","templated":true}]}}