{"id":5624,"date":"2025-02-13T12:05:33","date_gmt":"2025-02-13T12:05:33","guid":{"rendered":"https:\/\/infogandia.es\/?p=5624"},"modified":"2025-02-13T12:05:34","modified_gmt":"2025-02-13T12:05:34","slug":"el-barrio-del-raval-celebrara-su-tradicional-porrat-este-fin-de-semana","status":"publish","type":"post","link":"https:\/\/infogandia.es\/index.php\/2025\/02\/13\/el-barrio-del-raval-celebrara-su-tradicional-porrat-este-fin-de-semana\/","title":{"rendered":"El barrio del Raval celebrar\u00e1 su tradicional Porrat este fin de semana"},"content":{"rendered":"\n<p>La concejala y presidenta de la Junta de Distrito del Raval, Maribel Codina, junto con el presidente de la Asociaci\u00f3n de Vecinos, Diego Morant, y el tesorero, Paco Perell\u00f3, han presentado hoy una nueva edici\u00f3n del Porrat del barrio, que se celebrar\u00e1 del 14 al 16 de febrero.<\/p>\n\n\n\n<p>El programa de actividades dar\u00e1 comienzo el viernes a las 18:00 horas con la apertura de las atracciones de la feria y el mercado tradicional. El s\u00e1bado a las 12:00 horas tendr\u00e1 lugar el tradicional preg\u00f3n inaugural en la plaza de San Jos\u00e9, seguido, a las 12:30 horas, de una exhibici\u00f3n de baile a cargo del alumnado de la academia Dance Room en la plaza del Prado.<\/p>\n\n\n\n<p>A las 14:00 horas, la Asociaci\u00f3n de Moros del Raval ofrecer\u00e1 un puchero en el patio de la Casa de la Marquesa, con un precio de 15 euros por persona. Por la tarde, a partir de las 17:00 horas, el grupo \u2018Estaciones Acoustic\u2019 amenizar\u00e1 el \u2018tardeo\u2019 en la plaza del Prado. La jornada del s\u00e1bado finalizar\u00e1 con la tradicional cena de \u201cEnamorados\u201d, cuyo precio es de 15 euros y para la que se requiere reserva previa.<\/p>\n\n\n\n<p>El domingo comenzar\u00e1 a las 12:00 horas con la tradicional ofrenda a San Jos\u00e9 y el posterior \u2018sarao\u2019, que contar\u00e1 con la actuaci\u00f3n de la \u2018Rondalla Agredol\u00e7\u2019. Como cierre del programa, se celebrar\u00e1n unas paellas en el patio de la Casa de la Marquesa a las 14:30 horas, con un coste de 9 euros por persona.<\/p>\n\n\n\n<p>Maribel Codina ha agradecido la colaboraci\u00f3n de todas las asociaciones y grupos participantes y ha recordado que para reservar plaza en cualquiera de las comidas es necesario llamar al 696 625 758 o al 620 017 669.<\/p>\n","protected":false},"excerpt":{"rendered":"<p>La concejala y presidenta de la Junta de Distrito del Raval, Maribel Codina, junto con el presidente de la Asociaci\u00f3n de Vecinos, Diego Morant, y el tesorero, Paco Perell\u00f3, han presentado hoy una nueva edici\u00f3n del Porrat del barrio, que se celebrar\u00e1 del 14 al 16 de febrero. El programa de actividades dar\u00e1 comienzo el&#8230;<\/p>\n","protected":false},"author":1,"featured_media":5626,"comment_status":"open","ping_status":"open","sticky":false,"template":"","format":"standard","meta":{"footnotes":""},"categories":[1,27,57],"tags":[],"class_list":["post-5624","post","type-post","status-publish","format-standard","has-post-thumbnail","hentry","category-actualidad","category-sociedad","category-turismo"],"_links":{"self":[{"href":"https:\/\/infogandia.es\/index.php\/wp-json\/wp\/v2\/posts\/5624","targetHints":{"allow":["GET"]}}],"collection":[{"href":"https:\/\/infogandia.es\/index.php\/wp-json\/wp\/v2\/posts"}],"about":[{"href":"https:\/\/infogandia.es\/index.php\/wp-json\/wp\/v2\/types\/post"}],"author":[{"embeddable":true,"href":"https:\/\/infogandia.es\/index.php\/wp-json\/wp\/v2\/users\/1"}],"replies":[{"embeddable":true,"href":"https:\/\/infogandia.es\/index.php\/wp-json\/wp\/v2\/comments?post=5624"}],"version-history":[{"count":1,"href":"https:\/\/infogandia.es\/index.php\/wp-json\/wp\/v2\/posts\/5624\/revisions"}],"predecessor-version":[{"id":5627,"href":"https:\/\/infogandia.es\/index.php\/wp-json\/wp\/v2\/posts\/5624\/revisions\/5627"}],"wp:featuredmedia":[{"embeddable":true,"href":"https:\/\/infogandia.es\/index.php\/wp-json\/wp\/v2\/media\/5626"}],"wp:attachment":[{"href":"https:\/\/infogandia.es\/index.php\/wp-json\/wp\/v2\/media?parent=5624"}],"wp:term":[{"taxonomy":"category","embeddable":true,"href":"https:\/\/infogandia.es\/index.php\/wp-json\/wp\/v2\/categories?post=5624"},{"taxonomy":"post_tag","embeddable":true,"href":"https:\/\/infogandia.es\/index.php\/wp-json\/wp\/v2\/tags?post=5624"}],"curies":[{"name":"wp","href":"https:\/\/api.w.org\/{rel}","templated":true}]}}