{"id":5628,"date":"2025-02-13T12:06:33","date_gmt":"2025-02-13T12:06:33","guid":{"rendered":"https:\/\/infogandia.es\/?p=5628"},"modified":"2025-02-13T12:06:33","modified_gmt":"2025-02-13T12:06:33","slug":"gandia-participa-en-un-seminario-de-la-junta-ejecutiva-del-fons-valencia-per-la-solidaritat-en-lalcudia","status":"publish","type":"post","link":"https:\/\/infogandia.es\/index.php\/2025\/02\/13\/gandia-participa-en-un-seminario-de-la-junta-ejecutiva-del-fons-valencia-per-la-solidaritat-en-lalcudia\/","title":{"rendered":"Gandia participa en un seminario de la Junta Ejecutiva del Fons Valenci\u00e0 per la Solidaritat en L&#8217;Alc\u00fadia"},"content":{"rendered":"\n<p>La teniente de alcalde del Ayuntamiento de Gandia y vocal de la Junta Ejecutiva del Fons Valenci\u00e0 per la Solidaritat, Liduvina Gil, ha representado al consistorio en el seminario de trabajo de la Junta Ejecutiva del Fons, celebrado en L&#8217;Alc\u00fadia. Este encuentro ha servido para evaluar el estado de los proyectos en marcha, planificar la actividad para 2025 y aprobar nuevas iniciativas.<\/p>\n\n\n\n<p>El Fons Valenci\u00e0 ha anunciado que en 2025 impulsar\u00e1 actos institucionales y actividades educativas en los municipios socios afectados por la DANA, comenzando por L&#8217;Alc\u00fadia, debido a su pertenencia a la Junta Ejecutiva de la entidad.<\/p>\n\n\n\n<p>El seminario, que tuvo lugar el 10 de febrero en la Casa de la Cultura de L&#8217;Alc\u00fadia, cont\u00f3 con la recepci\u00f3n institucional del alcalde del municipio, Andreu Salom, y la teniente de alcalde y vocal del Fons, Rosa Mart\u00ednez. A la cita asistieron tambi\u00e9n Xelo Angulo, presidenta del Fons y teniente de alcalde de X\u00e0tiva; Ram\u00f3n Vidal, vicepresidente y alcalde de L\u2019Olleria; Isabel Mu\u00f1oz, concejala de L\u2019Alf\u00e0s del Pi; Adri\u00e1n Cabrera, teniente de alcalde de Benissa, Mentxu Balaguer, alcaldesa de Corbera, adem\u00e1s del gerente del Fons, Esteve Ordi\u00f1ana, y el t\u00e9cnico Rafa Penad\u00e9s.<\/p>\n\n\n\n<p>Durante el encuentro, Salom y Mart\u00ednez destacaron la importancia de la cooperaci\u00f3n internacional y la solidaridad, especialmente tras la DANA, cuando la localidad ha recibido apoyo institucional y ciudadano. Asimismo, reafirmaron su compromiso con la ayuda global y la colaboraci\u00f3n entre municipios.<\/p>\n\n\n\n<p>Tras la recepci\u00f3n, la Junta Ejecutiva se reuni\u00f3 en el Vivero de Empresas del municipio, donde se present\u00f3 el estado y evoluci\u00f3n de los proyectos del Fons, tanto en la Comunitat Valenciana como en otros pa\u00edses. Se planific\u00f3 la actividad para 2025 y se aprobaron iniciativas como la XX Edici\u00f3n de \u201cSer dona al sud\u201d y los proyectos cofinanciados por la Diputaci\u00f3n de Valencia, entre ellos la creaci\u00f3n de una oficina municipal de la mujer en Concepci\u00f3n (Bolivia) y el programa \u201cIn\/Sostenible. Territorializando los ODS en la provincia de Valencia\u201d. Tambi\u00e9n se ratificaron cambios en la Junta, como la incorporaci\u00f3n de Adri\u00e1n Cabrera en representaci\u00f3n de Benissa, y se present\u00f3 el informe de evaluaci\u00f3n del Plan Estrat\u00e9gico 2019-2022.<\/p>\n\n\n\n<p><strong>Apoyo del Fons Valenci\u00e0 a los municipios afectados por la DANA<\/strong><\/p>\n\n\n\n<p>Uno de los acuerdos adoptados fue priorizar iniciativas en localidades afectadas por la DANA. A trav\u00e9s de actos institucionales y proyectos educativos, el Fons busca expresar su apoyo a estos municipios y contribuir a su recuperaci\u00f3n social y econ\u00f3mica. L\u2019Alc\u00fadia ha sido la primera localidad en acoger una acci\u00f3n del Fons dentro de este marco.<\/p>\n\n\n\n<p><strong>El Fons Valenci\u00e0 per la Solidaritat, referente en cooperaci\u00f3n municipalista<\/strong><\/p>\n\n\n\n<p>El Fons Valenci\u00e0 per la Solidaritat agrupa a 149 entidades locales (141 ayuntamientos y 8 mancomunidades) para coordinar proyectos de cooperaci\u00f3n internacional y educaci\u00f3n para el desarrollo. Su labor permite que municipios de distintos tama\u00f1os ejecuten iniciativas de gran impacto a trav\u00e9s de un equipo t\u00e9cnico especializado.<\/p>\n","protected":false},"excerpt":{"rendered":"<p>La teniente de alcalde del Ayuntamiento de Gandia y vocal de la Junta Ejecutiva del Fons Valenci\u00e0 per la Solidaritat, Liduvina Gil, ha representado al consistorio en el seminario de trabajo de la Junta Ejecutiva del Fons, celebrado en L&#8217;Alc\u00fadia. Este encuentro ha servido para evaluar el estado de los proyectos en marcha, planificar la&#8230;<\/p>\n","protected":false},"author":1,"featured_media":5625,"comment_status":"open","ping_status":"open","sticky":false,"template":"","format":"standard","meta":{"footnotes":""},"categories":[1,6,3],"tags":[],"class_list":["post-5628","post","type-post","status-publish","format-standard","has-post-thumbnail","hentry","category-actualidad","category-economia","category-politica"],"_links":{"self":[{"href":"https:\/\/infogandia.es\/index.php\/wp-json\/wp\/v2\/posts\/5628","targetHints":{"allow":["GET"]}}],"collection":[{"href":"https:\/\/infogandia.es\/index.php\/wp-json\/wp\/v2\/posts"}],"about":[{"href":"https:\/\/infogandia.es\/index.php\/wp-json\/wp\/v2\/types\/post"}],"author":[{"embeddable":true,"href":"https:\/\/infogandia.es\/index.php\/wp-json\/wp\/v2\/users\/1"}],"replies":[{"embeddable":true,"href":"https:\/\/infogandia.es\/index.php\/wp-json\/wp\/v2\/comments?post=5628"}],"version-history":[{"count":1,"href":"https:\/\/infogandia.es\/index.php\/wp-json\/wp\/v2\/posts\/5628\/revisions"}],"predecessor-version":[{"id":5629,"href":"https:\/\/infogandia.es\/index.php\/wp-json\/wp\/v2\/posts\/5628\/revisions\/5629"}],"wp:featuredmedia":[{"embeddable":true,"href":"https:\/\/infogandia.es\/index.php\/wp-json\/wp\/v2\/media\/5625"}],"wp:attachment":[{"href":"https:\/\/infogandia.es\/index.php\/wp-json\/wp\/v2\/media?parent=5628"}],"wp:term":[{"taxonomy":"category","embeddable":true,"href":"https:\/\/infogandia.es\/index.php\/wp-json\/wp\/v2\/categories?post=5628"},{"taxonomy":"post_tag","embeddable":true,"href":"https:\/\/infogandia.es\/index.php\/wp-json\/wp\/v2\/tags?post=5628"}],"curies":[{"name":"wp","href":"https:\/\/api.w.org\/{rel}","templated":true}]}}