{"id":5637,"date":"2025-02-17T17:12:03","date_gmt":"2025-02-17T17:12:03","guid":{"rendered":"https:\/\/infogandia.es\/?p=5637"},"modified":"2025-02-17T17:12:03","modified_gmt":"2025-02-17T17:12:03","slug":"exito-de-participacion-en-el-tradicional-porrat-del-raval-de-gandia","status":"publish","type":"post","link":"https:\/\/infogandia.es\/index.php\/2025\/02\/17\/exito-de-participacion-en-el-tradicional-porrat-del-raval-de-gandia\/","title":{"rendered":"\u00c9xito de participaci\u00f3n en el tradicional Porrat del Raval de Gandia"},"content":{"rendered":"\n<p>El barrio del Raval ha vivido un intenso fin de semana con la celebraci\u00f3n de una nueva edici\u00f3n de su tradicional Porrat, que ha contado con una gran participaci\u00f3n de vecinos y visitantes llegados de toda la ciudad y la comarca.<\/p>\n\n\n\n<p>El alcalde de Gandia, Jos\u00e9 Manuel Prieto; la presidenta de la Junta de Distrito del Raval, Maribel Codina; y otros miembros de la corporaci\u00f3n municipal han asistido a varios de los actos programados a lo largo de la festividad.<\/p>\n\n\n\n<p>Codina ha destacado el \u00e9xito de la iniciativa, subrayando que <em>\u201chan sido much\u00edsimas las personas que se han acercado para disfrutar de las actividades programadas para todos los p\u00fablicos\u201d<\/em>. Adem\u00e1s, ha valorado positivamente el impacto econ\u00f3mico del Porrat, se\u00f1alando que <em>\u201chemos conseguido dinamizar el comercio y la hosteler\u00eda de la zona\u201d.<\/em><\/p>\n\n\n\n<p>Finalmente, la presidenta de la Junta de Distrito ha querido agradecer la implicaci\u00f3n de los vecinos y colectivos que han trabajado en la organizaci\u00f3n del programa de actividades, contribuyendo as\u00ed al \u00e9xito de esta festividad tradicional.<\/p>\n","protected":false},"excerpt":{"rendered":"<p>El barrio del Raval ha vivido un intenso fin de semana con la celebraci\u00f3n de una nueva edici\u00f3n de su tradicional Porrat, que ha contado con una gran participaci\u00f3n de vecinos y visitantes llegados de toda la ciudad y la comarca. El alcalde de Gandia, Jos\u00e9 Manuel Prieto; la presidenta de la Junta de Distrito&#8230;<\/p>\n","protected":false},"author":1,"featured_media":5634,"comment_status":"open","ping_status":"open","sticky":false,"template":"","format":"standard","meta":{"footnotes":""},"categories":[1,27],"tags":[],"class_list":["post-5637","post","type-post","status-publish","format-standard","has-post-thumbnail","hentry","category-actualidad","category-sociedad"],"_links":{"self":[{"href":"https:\/\/infogandia.es\/index.php\/wp-json\/wp\/v2\/posts\/5637","targetHints":{"allow":["GET"]}}],"collection":[{"href":"https:\/\/infogandia.es\/index.php\/wp-json\/wp\/v2\/posts"}],"about":[{"href":"https:\/\/infogandia.es\/index.php\/wp-json\/wp\/v2\/types\/post"}],"author":[{"embeddable":true,"href":"https:\/\/infogandia.es\/index.php\/wp-json\/wp\/v2\/users\/1"}],"replies":[{"embeddable":true,"href":"https:\/\/infogandia.es\/index.php\/wp-json\/wp\/v2\/comments?post=5637"}],"version-history":[{"count":1,"href":"https:\/\/infogandia.es\/index.php\/wp-json\/wp\/v2\/posts\/5637\/revisions"}],"predecessor-version":[{"id":5638,"href":"https:\/\/infogandia.es\/index.php\/wp-json\/wp\/v2\/posts\/5637\/revisions\/5638"}],"wp:featuredmedia":[{"embeddable":true,"href":"https:\/\/infogandia.es\/index.php\/wp-json\/wp\/v2\/media\/5634"}],"wp:attachment":[{"href":"https:\/\/infogandia.es\/index.php\/wp-json\/wp\/v2\/media?parent=5637"}],"wp:term":[{"taxonomy":"category","embeddable":true,"href":"https:\/\/infogandia.es\/index.php\/wp-json\/wp\/v2\/categories?post=5637"},{"taxonomy":"post_tag","embeddable":true,"href":"https:\/\/infogandia.es\/index.php\/wp-json\/wp\/v2\/tags?post=5637"}],"curies":[{"name":"wp","href":"https:\/\/api.w.org\/{rel}","templated":true}]}}