{"id":5639,"date":"2025-02-17T17:14:20","date_gmt":"2025-02-17T17:14:20","guid":{"rendered":"https:\/\/infogandia.es\/?p=5639"},"modified":"2025-02-17T17:14:21","modified_gmt":"2025-02-17T17:14:21","slug":"las-jovenes-artistas-seran-las-protagonistas-de-la-edicion-2025-de-femart","status":"publish","type":"post","link":"https:\/\/infogandia.es\/index.php\/2025\/02\/17\/las-jovenes-artistas-seran-las-protagonistas-de-la-edicion-2025-de-femart\/","title":{"rendered":"Las j\u00f3venes artistas ser\u00e1n las protagonistas de la edici\u00f3n 2025 de FEMart"},"content":{"rendered":"\n<p>La concejala Liduvina Gil, acompa\u00f1ada por Adriana Serlik, organizadora del proyecto <strong>FEMart<\/strong>, y Estela Pellicer, gerente del Palau Ducal, ha presentado esta ma\u00f1ana una nueva edici\u00f3n de esta iniciativa, vinculada directamente al <strong>8 de marzo, D\u00eda Internacional de la Mujer Trabajadora<\/strong>.<\/p>\n\n\n\n<p>La muestra de 2025 contar\u00e1 con la participaci\u00f3n de <strong>40 j\u00f3venes artistas, de entre 14 y 39 a\u00f1os<\/strong>, que a trav\u00e9s de diversas t\u00e9cnicas art\u00edsticas expresar\u00e1n su visi\u00f3n sobre <strong>los derechos de la mujer<\/strong>. Seg\u00fan Gil, \u201ca pesar de los avances logrados en materia de igualdad, todav\u00eda queda mucho camino por recorrer. Es un acierto que las protagonistas de este a\u00f1o sean las j\u00f3venes, ya que ellas ser\u00e1n quienes inspiren a las futuras generaciones. Debemos visibilizarlas para lograr el empoderamiento de las mujeres en un momento de retroceso de las pol\u00edticas de igualdad\u201d.<\/p>\n\n\n\n<p>La inauguraci\u00f3n de la muestra tendr\u00e1 lugar el <strong>mi\u00e9rcoles 19 de febrero a las 19:00 horas en el Palau Ducal<\/strong>, en la sala Carr\u00f2s i Centelles, y permanecer\u00e1 abierta hasta el <strong>19 de marzo<\/strong>. La exposici\u00f3n podr\u00e1 visitarse tambi\u00e9n en el <strong>carrer Jesu\u00eftes<\/strong> y en la <strong>sala Tossal de la Universitat de Val\u00e8ncia<\/strong>.<\/p>\n\n\n\n<p>Como parte de la programaci\u00f3n, el <strong>27 de febrero a las 19:30 horas<\/strong> se celebrar\u00e1 un <strong>concierto homenaje a las mujeres compositoras<\/strong> en la Casa de la Marquesa, a cargo de <strong>H\u00e9l\u00e8ne Touati<\/strong> y presentado por <strong>Rosa Magraner<\/strong>.<\/p>\n\n\n\n<p>Por su parte, <strong>Adriana Serlik<\/strong>, organizadora del evento, ha anunciado que esta ser\u00e1 su \u00faltima edici\u00f3n como comisaria de la muestra. \u201c<em>Esta exposici\u00f3n ha dado voz a muchas mujeres para hablar sobre los derechos de la mujer en la actualidad. Quienes nos visiten podr\u00e1n ver obras excelentes que reflejan c\u00f3mo se sienten muchas mujeres ante la realidad que vivimos\u201d<\/em>, ha afirmado.<\/p>\n\n\n\n<p>Estela Pellicer ha destacado el compromiso del <strong>Palau Ducal<\/strong> con este tipo de iniciativas y ha se\u00f1alado que <em>\u201cel hecho de que tengamos artistas j\u00f3venes menores de 40 a\u00f1os mostrando sus inquietudes demuestra que todav\u00eda queda camino por recorrer en la lucha por la igualdad\u201d.<\/em><\/p>\n\n\n\n<p>Para finalizar, Liduvina Gil ha agradecido a Serlik su dedicaci\u00f3n, destacando su compromiso <em>\u201cno solo con la igualdad de la mujer, sino tambi\u00e9n con la riqueza espiritual y la extrema sensibilidad a la hora de dar oportunidades a las j\u00f3venes artistas\u201d.<\/em><\/p>\n","protected":false},"excerpt":{"rendered":"<p>La concejala Liduvina Gil, acompa\u00f1ada por Adriana Serlik, organizadora del proyecto FEMart, y Estela Pellicer, gerente del Palau Ducal, ha presentado esta ma\u00f1ana una nueva edici\u00f3n de esta iniciativa, vinculada directamente al 8 de marzo, D\u00eda Internacional de la Mujer Trabajadora. La muestra de 2025 contar\u00e1 con la participaci\u00f3n de 40 j\u00f3venes artistas, de entre&#8230;<\/p>\n","protected":false},"author":1,"featured_media":5640,"comment_status":"open","ping_status":"open","sticky":false,"template":"","format":"standard","meta":{"footnotes":""},"categories":[1,27,57],"tags":[],"class_list":["post-5639","post","type-post","status-publish","format-standard","has-post-thumbnail","hentry","category-actualidad","category-sociedad","category-turismo"],"_links":{"self":[{"href":"https:\/\/infogandia.es\/index.php\/wp-json\/wp\/v2\/posts\/5639","targetHints":{"allow":["GET"]}}],"collection":[{"href":"https:\/\/infogandia.es\/index.php\/wp-json\/wp\/v2\/posts"}],"about":[{"href":"https:\/\/infogandia.es\/index.php\/wp-json\/wp\/v2\/types\/post"}],"author":[{"embeddable":true,"href":"https:\/\/infogandia.es\/index.php\/wp-json\/wp\/v2\/users\/1"}],"replies":[{"embeddable":true,"href":"https:\/\/infogandia.es\/index.php\/wp-json\/wp\/v2\/comments?post=5639"}],"version-history":[{"count":1,"href":"https:\/\/infogandia.es\/index.php\/wp-json\/wp\/v2\/posts\/5639\/revisions"}],"predecessor-version":[{"id":5641,"href":"https:\/\/infogandia.es\/index.php\/wp-json\/wp\/v2\/posts\/5639\/revisions\/5641"}],"wp:featuredmedia":[{"embeddable":true,"href":"https:\/\/infogandia.es\/index.php\/wp-json\/wp\/v2\/media\/5640"}],"wp:attachment":[{"href":"https:\/\/infogandia.es\/index.php\/wp-json\/wp\/v2\/media?parent=5639"}],"wp:term":[{"taxonomy":"category","embeddable":true,"href":"https:\/\/infogandia.es\/index.php\/wp-json\/wp\/v2\/categories?post=5639"},{"taxonomy":"post_tag","embeddable":true,"href":"https:\/\/infogandia.es\/index.php\/wp-json\/wp\/v2\/tags?post=5639"}],"curies":[{"name":"wp","href":"https:\/\/api.w.org\/{rel}","templated":true}]}}