{"id":5642,"date":"2025-02-17T17:15:51","date_gmt":"2025-02-17T17:15:51","guid":{"rendered":"https:\/\/infogandia.es\/?p=5642"},"modified":"2025-02-17T17:15:53","modified_gmt":"2025-02-17T17:15:53","slug":"exito-en-la-primera-edicion-del-festival-de-los-faroles-y-la-cabalgata-del-tigre-y-el-dragon-en-gandia","status":"publish","type":"post","link":"https:\/\/infogandia.es\/index.php\/2025\/02\/17\/exito-en-la-primera-edicion-del-festival-de-los-faroles-y-la-cabalgata-del-tigre-y-el-dragon-en-gandia\/","title":{"rendered":"\u00c9xito en la primera edici\u00f3n del \u2018Festival de los Faroles\u2019 y la \u2018Cabalgata del Tigre y el Drag\u00f3n\u2019 en Gandia"},"content":{"rendered":"\n<p>El pasado s\u00e1bado, Gandia celebr\u00f3 con gran \u00e9xito la <strong>primera edici\u00f3n del \u2018Festival de los Faroles\u2019 y la \u2018Cabalgata del Tigre y el Drag\u00f3n\u2019<\/strong>, una iniciativa impulsada por <strong>Moll Motor y el Instituto Tongwen<\/strong>, con la colaboraci\u00f3n del Ayuntamiento de Gandia.<\/p>\n\n\n\n<p>El evento llen\u00f3 de <strong>color y tradici\u00f3n<\/strong> el centro hist\u00f3rico de la ciudad, atrayendo a numerosos vecinos y visitantes. Tanto los talleres programados como la cabalgata y el espect\u00e1culo celebrado en la <strong>Pla\u00e7a Major<\/strong> fueron recibidos con entusiasmo por el p\u00fablico, consolidando as\u00ed esta nueva cita cultural en la agenda de la ciudad.<\/p>\n\n\n\n<figure class=\"wp-block-image size-large\"><img fetchpriority=\"high\" decoding=\"async\" width=\"1024\" height=\"683\" src=\"https:\/\/infogandia.es\/wp-content\/uploads\/2025\/02\/250215-frances_250215_8537-1-1024x683.jpg\" alt=\"\" class=\"wp-image-5646\" srcset=\"https:\/\/infogandia.es\/wp-content\/uploads\/2025\/02\/250215-frances_250215_8537-1-1024x683.jpg 1024w, https:\/\/infogandia.es\/wp-content\/uploads\/2025\/02\/250215-frances_250215_8537-1-300x200.jpg 300w, https:\/\/infogandia.es\/wp-content\/uploads\/2025\/02\/250215-frances_250215_8537-1-768x512.jpg 768w, https:\/\/infogandia.es\/wp-content\/uploads\/2025\/02\/250215-frances_250215_8537-1-600x400.jpg 600w, https:\/\/infogandia.es\/wp-content\/uploads\/2025\/02\/250215-frances_250215_8537-1.jpg 1280w\" sizes=\"(max-width: 1024px) 100vw, 1024px\" \/><\/figure>\n","protected":false},"excerpt":{"rendered":"<p>El pasado s\u00e1bado, Gandia celebr\u00f3 con gran \u00e9xito la primera edici\u00f3n del \u2018Festival de los Faroles\u2019 y la \u2018Cabalgata del Tigre y el Drag\u00f3n\u2019, una iniciativa impulsada por Moll Motor y el Instituto Tongwen, con la colaboraci\u00f3n del Ayuntamiento de Gandia. El evento llen\u00f3 de color y tradici\u00f3n el centro hist\u00f3rico de la ciudad, atrayendo&#8230;<\/p>\n","protected":false},"author":1,"featured_media":5643,"comment_status":"open","ping_status":"open","sticky":false,"template":"","format":"standard","meta":{"footnotes":""},"categories":[1,27],"tags":[],"class_list":["post-5642","post","type-post","status-publish","format-standard","has-post-thumbnail","hentry","category-actualidad","category-sociedad"],"_links":{"self":[{"href":"https:\/\/infogandia.es\/index.php\/wp-json\/wp\/v2\/posts\/5642","targetHints":{"allow":["GET"]}}],"collection":[{"href":"https:\/\/infogandia.es\/index.php\/wp-json\/wp\/v2\/posts"}],"about":[{"href":"https:\/\/infogandia.es\/index.php\/wp-json\/wp\/v2\/types\/post"}],"author":[{"embeddable":true,"href":"https:\/\/infogandia.es\/index.php\/wp-json\/wp\/v2\/users\/1"}],"replies":[{"embeddable":true,"href":"https:\/\/infogandia.es\/index.php\/wp-json\/wp\/v2\/comments?post=5642"}],"version-history":[{"count":1,"href":"https:\/\/infogandia.es\/index.php\/wp-json\/wp\/v2\/posts\/5642\/revisions"}],"predecessor-version":[{"id":5647,"href":"https:\/\/infogandia.es\/index.php\/wp-json\/wp\/v2\/posts\/5642\/revisions\/5647"}],"wp:featuredmedia":[{"embeddable":true,"href":"https:\/\/infogandia.es\/index.php\/wp-json\/wp\/v2\/media\/5643"}],"wp:attachment":[{"href":"https:\/\/infogandia.es\/index.php\/wp-json\/wp\/v2\/media?parent=5642"}],"wp:term":[{"taxonomy":"category","embeddable":true,"href":"https:\/\/infogandia.es\/index.php\/wp-json\/wp\/v2\/categories?post=5642"},{"taxonomy":"post_tag","embeddable":true,"href":"https:\/\/infogandia.es\/index.php\/wp-json\/wp\/v2\/tags?post=5642"}],"curies":[{"name":"wp","href":"https:\/\/api.w.org\/{rel}","templated":true}]}}