{"id":5654,"date":"2025-02-18T11:47:43","date_gmt":"2025-02-18T11:47:43","guid":{"rendered":"https:\/\/infogandia.es\/?p=5654"},"modified":"2025-02-18T11:47:43","modified_gmt":"2025-02-18T11:47:43","slug":"el-juez-inadmite-la-demanda-contra-medusa-y-zevra-por-la-acustica-de-los-festivales","status":"publish","type":"post","link":"https:\/\/infogandia.es\/index.php\/2025\/02\/18\/el-juez-inadmite-la-demanda-contra-medusa-y-zevra-por-la-acustica-de-los-festivales\/","title":{"rendered":"El juez inadmite la demanda contra Medusa y Zevra por la ac\u00fastica de los festivales"},"content":{"rendered":"\n<ul class=\"wp-block-list\">\n<li><strong>Los eventos est\u00e1n amparados por la legislaci\u00f3n que protege los festejos oficiales<\/strong><\/li>\n\n\n\n<li><strong>El grupo de vecinos demandante reclamaba indemnizaciones con cargo al Ayuntamiento de Cullera<\/strong><\/li>\n<\/ul>\n\n\n\n<p>El Juzgado de lo Contencioso-Administrativo n\u00ba 4 de Valencia ha <strong>inadmitido la demanda<\/strong> presentada contra los festivales <strong>Medusa y Zevra<\/strong>, as\u00ed como contra el <strong>Ayuntamiento de Cullera<\/strong>, por parte de un grupo minoritario de vecinos de Torre Espacio. La denuncia se basaba en la licencia municipal otorgada a ambos eventos y la ac\u00fastica generada por la m\u00fasica.<\/p>\n\n\n\n<p>Los demandantes solicitaban una <strong>indemnizaci\u00f3n de miles de euros con cargo al erario p\u00fablico<\/strong>, argumentando que el Ayuntamiento concedi\u00f3 los permisos sin atender a la Ley 7\/2002 de protecci\u00f3n contra la contaminaci\u00f3n ac\u00fastica. Sin embargo, esta normativa fue <strong>derogada en 2019<\/strong> y sustituida por una modificaci\u00f3n que permite a los consistorios autorizar <strong>festejos de car\u00e1cter oficial, cultural, festivo o religioso<\/strong>, con un margen de emisi\u00f3n de decibelios m\u00e1s amplio, siempre que los promotores adopten <strong>medidas para mitigar el sonido<\/strong>.<\/p>\n\n\n\n<p>Los festivales <strong>Medusa y Zevra<\/strong> est\u00e1n incluidos dentro de esta categor\u00eda y, por lo tanto, cuentan con el respaldo legal para su celebraci\u00f3n.<\/p>\n\n\n\n<p>Adem\u00e1s de ser presentada <strong>fuera de plazo<\/strong>, la denuncia no contaba con el respaldo de la mayor\u00eda de la junta de propietarios de Torre Espacio. De hecho, <strong>dos tercios de los vecinos votaron en contra de querellarse<\/strong>, pero el grupo minoritario decidi\u00f3 seguir adelante con la acci\u00f3n judicial, a pesar de haber sido advertidos de que la ley en la que basaban su reclamaci\u00f3n <strong>hab\u00eda sido derogada hace a\u00f1os<\/strong>.<\/p>\n\n\n\n<p>Los promotores de <strong>Medusa y Zevra<\/strong> mantienen una <strong>buena relaci\u00f3n con los vecinos de Torre Espacio<\/strong> desde hace a\u00f1os. La mayor\u00eda de los propietarios <strong>apoya la celebraci\u00f3n de los festivales<\/strong>, conscientes del impacto positivo que tienen en la ciudad y en su barrio.<\/p>\n\n\n\n<p>Los escenarios m\u00e1s cercanos a Torre Espacio solo funcionan <strong>seis d\u00edas al a\u00f1o<\/strong> (tres en Zevra en julio y tres en Medusa en agosto) y est\u00e1n <strong>orientados en direcci\u00f3n al R\u00edo J\u00facar<\/strong> para reducir la incidencia del sonido sobre las viviendas. Adem\u00e1s, la organizaci\u00f3n de <strong>Medusa<\/strong> ha instalado <strong>pantallas amortiguadoras de ruido<\/strong> y mantiene los equipos de sonido <strong>monitorizados de forma permanente<\/strong> para minimizar las molestias.<\/p>\n\n\n\n<h3 class=\"wp-block-heading\"><strong>Pr\u00f3ximas ediciones de los festivales<\/strong><\/h3>\n\n\n\n<p>Sin modificaciones en ubicaci\u00f3n ni fechas, <strong>Zevra<\/strong> se celebrar\u00e1 del <strong>18 al 21 de julio de 2025<\/strong>, mientras que <strong>Medusa<\/strong> tendr\u00e1 lugar del <strong>7 al 11 de agosto de 2025<\/strong> en la Playa de Cullera.<\/p>\n\n\n\n<p>\ud83d\udccd <strong>Medusa Festival<\/strong><br>\ud83d\udccd <strong>Ubicaci\u00f3n:<\/strong> Playa de Cullera (Valencia)<br>\ud83d\udccd <strong>Fechas:<\/strong> 7, 8, 9, 10 y 11 de agosto de 2025<br>\ud83d\udccd <strong>Estilos musicales:<\/strong> Techno, Tech House, Hard Techno, Hardstyle, Hardcore, EDM, Trance, Remember, Bass Music y Urban<\/p>\n","protected":false},"excerpt":{"rendered":"<p>El Juzgado de lo Contencioso-Administrativo n\u00ba 4 de Valencia ha inadmitido la demanda presentada contra los festivales Medusa y Zevra, as\u00ed como contra el Ayuntamiento de Cullera, por parte de un grupo minoritario de vecinos de Torre Espacio. La denuncia se basaba en la licencia municipal otorgada a ambos eventos y la ac\u00fastica generada por&#8230;<\/p>\n","protected":false},"author":1,"featured_media":5655,"comment_status":"open","ping_status":"open","sticky":false,"template":"","format":"standard","meta":{"footnotes":""},"categories":[1,57],"tags":[],"class_list":["post-5654","post","type-post","status-publish","format-standard","has-post-thumbnail","hentry","category-actualidad","category-turismo"],"_links":{"self":[{"href":"https:\/\/infogandia.es\/index.php\/wp-json\/wp\/v2\/posts\/5654","targetHints":{"allow":["GET"]}}],"collection":[{"href":"https:\/\/infogandia.es\/index.php\/wp-json\/wp\/v2\/posts"}],"about":[{"href":"https:\/\/infogandia.es\/index.php\/wp-json\/wp\/v2\/types\/post"}],"author":[{"embeddable":true,"href":"https:\/\/infogandia.es\/index.php\/wp-json\/wp\/v2\/users\/1"}],"replies":[{"embeddable":true,"href":"https:\/\/infogandia.es\/index.php\/wp-json\/wp\/v2\/comments?post=5654"}],"version-history":[{"count":1,"href":"https:\/\/infogandia.es\/index.php\/wp-json\/wp\/v2\/posts\/5654\/revisions"}],"predecessor-version":[{"id":5656,"href":"https:\/\/infogandia.es\/index.php\/wp-json\/wp\/v2\/posts\/5654\/revisions\/5656"}],"wp:featuredmedia":[{"embeddable":true,"href":"https:\/\/infogandia.es\/index.php\/wp-json\/wp\/v2\/media\/5655"}],"wp:attachment":[{"href":"https:\/\/infogandia.es\/index.php\/wp-json\/wp\/v2\/media?parent=5654"}],"wp:term":[{"taxonomy":"category","embeddable":true,"href":"https:\/\/infogandia.es\/index.php\/wp-json\/wp\/v2\/categories?post=5654"},{"taxonomy":"post_tag","embeddable":true,"href":"https:\/\/infogandia.es\/index.php\/wp-json\/wp\/v2\/tags?post=5654"}],"curies":[{"name":"wp","href":"https:\/\/api.w.org\/{rel}","templated":true}]}}