{"id":5664,"date":"2025-02-19T18:21:18","date_gmt":"2025-02-19T18:21:18","guid":{"rendered":"https:\/\/infogandia.es\/?p=5664"},"modified":"2025-02-19T18:21:18","modified_gmt":"2025-02-19T18:21:18","slug":"gandia-reconocera-a-antonia-estrugo-raquel-llopis-y-emiliana-gila-en-el-homenaje-a-las-mujeres","status":"publish","type":"post","link":"https:\/\/infogandia.es\/index.php\/2025\/02\/19\/gandia-reconocera-a-antonia-estrugo-raquel-llopis-y-emiliana-gila-en-el-homenaje-a-las-mujeres\/","title":{"rendered":"Gandia reconocer\u00e1 a Antonia Estrugo, Raquel Llopis y Emiliana Gila en el \u201cHomenaje a las Mujeres\u201d"},"content":{"rendered":"\n<p>Gandia rendir\u00e1 homenaje a <strong>tres mujeres destacadas de la ciudad<\/strong>, reconociendo su trayectoria y contribuci\u00f3n en distintos \u00e1mbitos. Las elegidas este a\u00f1o para el <em>Homenaje a las Mujeres<\/em> son <strong>Antonia Estrugo, Raquel Llopis y Emiliana Gila<\/strong>. El evento, organizado por el Ayuntamiento de Gandia, tendr\u00e1 lugar el pr\u00f3ximo <strong>28 de febrero en el Teatro Serrano a partir de las 19:00 horas<\/strong>.<\/p>\n\n\n\n<p>El alcalde de Gandia, <strong>Jos\u00e9 Manuel Prieto<\/strong>, ha destacado la importancia de este homenaje, subrayando el compromiso del Ayuntamiento por visibilizar y reconocer a aquellas mujeres que, con su esfuerzo diario, contribuyen a <strong>consolidar y ampliar los derechos de las mujeres<\/strong>.<\/p>\n\n\n\n<p>\ud83d\udccc <em>\u201cSeguiremos poniendo en valor a todas las mujeres de nuestra ciudad que trabajan d\u00eda a d\u00eda para fortalecer la igualdad y la justicia social\u201d<\/em>, ha declarado el alcalde.<\/p>\n\n\n\n<p>Por su parte, la concejala de Igualdad, <strong>Maribel Codina<\/strong>, ha explicado que las <strong>candidaturas fueron elegidas por votaci\u00f3n en el Consell de les Dones<\/strong>.<\/p>\n\n\n\n<p>\ud83d\udccc <em>\u201cTodas ellas son referentes en nuestra ciudad, pero tres han sido las seleccionadas para ser las protagonistas de este acto, que forma parte de la programaci\u00f3n del 8 de marzo, D\u00eda Internacional de la Mujer\u201d<\/em>, ha se\u00f1alado.<\/p>\n\n\n\n<p>Codina tambi\u00e9n ha recordado que la conmemoraci\u00f3n del <em>D\u00eda Internacional de la Mujer<\/em> sigue siendo necesaria, ya que <strong>a\u00fan persisten desigualdades entre hombres y mujeres<\/strong>.<\/p>\n\n\n\n<h3 class=\"wp-block-heading\"><strong>Las mujeres homenajeadas<\/strong><\/h3>\n\n\n\n<p>\u2714\ufe0f <strong>Emiliana Gila Motos<\/strong><br>Nacida en Villanueva de la Fuente hace 78 a\u00f1os, Emiliana se traslad\u00f3 a Gandia en su juventud, donde estableci\u00f3 su vida en el barrio del Raval. Trabaj\u00f3 en el negocio familiar <em>Frutas Amador<\/em>, y en 2005 descubri\u00f3 su pasi\u00f3n por la escritura, a pesar de haber dejado la escuela a los 8 a\u00f1os. Con esfuerzo y dedicaci\u00f3n, en 2017 public\u00f3 su libro <em>L\u2019Alba em va despertar<\/em>. Su esp\u00edritu luchador la ha llevado a ser una figura clave en su comunidad, participando activamente en asociaciones y actividades del barrio del Raval.<\/p>\n\n\n\n<p>\u2714\ufe0f <strong>Antonia Estrugo Carbonell<\/strong><br>Empresaria de Gandia, Antonia estudi\u00f3 Bachillerato y un M\u00e1ster en Direcci\u00f3n Comercial. En 1984, tras el fallecimiento de su esposo, asumi\u00f3 el liderazgo del negocio familiar en el sector de la construcci\u00f3n, enfrentando numerosos retos financieros y empresariales. Gracias a su determinaci\u00f3n, cre\u00f3 <em>Fustabloc<\/em>, posicion\u00e1ndolo en el mercado internacional. Ha ocupado cargos en <em>Fira Val\u00e8ncia<\/em> y asociaciones empresariales, adem\u00e1s de fundar la <em>Asociaci\u00f3n de Empresarios de la Safor (AES)<\/em> y la <em>Federaci\u00f3n de Asociaciones Empresariales de la Safor (FAES)<\/em>. En 2007, recibi\u00f3 el <em>Premio a la Trayectoria Empresarial de FAES<\/em>, consolid\u00e1ndose como un referente en el \u00e1mbito empresarial.<\/p>\n\n\n\n<p>\u2714\ufe0f <strong>Raquel Llopis Morell<\/strong><br>Perteneciente a una familia de pescadores, Raquel fue pionera en Oliva al obtener el t\u00edtulo de patrona de barco pesquero. Junto a su prima, trabaj\u00f3 en la \u00fanica embarcaci\u00f3n del Mediterr\u00e1neo tripulada exclusivamente por mujeres. Ha sido fundadora y presidenta de <em>ADOMAR<\/em> (Asociaci\u00f3n de Mujeres de la Mar), adem\u00e1s de participar en la <em>Red Espa\u00f1ola de Mujeres en el Sector Pesquero<\/em> y en la plataforma europea <em>AKTEA<\/em>. Actualmente, lidera el proyecto <em>A so de mar<\/em>, en el que ense\u00f1a t\u00e9cnicas de pesca artesanal a estudiantes, promoviendo el conocimiento y el respeto por este oficio tradicional.<\/p>\n\n\n\n<p>El <strong>Teatro Serrano<\/strong> se prepara para recibir a un gran n\u00famero de asistentes en un evento que <strong>pondr\u00e1 en valor el papel fundamental de la mujer en la sociedad gandiana<\/strong>.<\/p>\n","protected":false},"excerpt":{"rendered":"<p>Gandia rendir\u00e1 homenaje a tres mujeres destacadas de la ciudad, reconociendo su trayectoria y contribuci\u00f3n en distintos \u00e1mbitos. Las elegidas este a\u00f1o para el Homenaje a las Mujeres son Antonia Estrugo, Raquel Llopis y Emiliana Gila. El evento, organizado por el Ayuntamiento de Gandia, tendr\u00e1 lugar el pr\u00f3ximo 28 de febrero en el Teatro Serrano&#8230;<\/p>\n","protected":false},"author":1,"featured_media":5665,"comment_status":"open","ping_status":"open","sticky":false,"template":"","format":"standard","meta":{"footnotes":""},"categories":[1,27],"tags":[],"class_list":["post-5664","post","type-post","status-publish","format-standard","has-post-thumbnail","hentry","category-actualidad","category-sociedad"],"_links":{"self":[{"href":"https:\/\/infogandia.es\/index.php\/wp-json\/wp\/v2\/posts\/5664","targetHints":{"allow":["GET"]}}],"collection":[{"href":"https:\/\/infogandia.es\/index.php\/wp-json\/wp\/v2\/posts"}],"about":[{"href":"https:\/\/infogandia.es\/index.php\/wp-json\/wp\/v2\/types\/post"}],"author":[{"embeddable":true,"href":"https:\/\/infogandia.es\/index.php\/wp-json\/wp\/v2\/users\/1"}],"replies":[{"embeddable":true,"href":"https:\/\/infogandia.es\/index.php\/wp-json\/wp\/v2\/comments?post=5664"}],"version-history":[{"count":1,"href":"https:\/\/infogandia.es\/index.php\/wp-json\/wp\/v2\/posts\/5664\/revisions"}],"predecessor-version":[{"id":5666,"href":"https:\/\/infogandia.es\/index.php\/wp-json\/wp\/v2\/posts\/5664\/revisions\/5666"}],"wp:featuredmedia":[{"embeddable":true,"href":"https:\/\/infogandia.es\/index.php\/wp-json\/wp\/v2\/media\/5665"}],"wp:attachment":[{"href":"https:\/\/infogandia.es\/index.php\/wp-json\/wp\/v2\/media?parent=5664"}],"wp:term":[{"taxonomy":"category","embeddable":true,"href":"https:\/\/infogandia.es\/index.php\/wp-json\/wp\/v2\/categories?post=5664"},{"taxonomy":"post_tag","embeddable":true,"href":"https:\/\/infogandia.es\/index.php\/wp-json\/wp\/v2\/tags?post=5664"}],"curies":[{"name":"wp","href":"https:\/\/api.w.org\/{rel}","templated":true}]}}