{"id":5667,"date":"2025-02-19T18:22:12","date_gmt":"2025-02-19T18:22:12","guid":{"rendered":"https:\/\/infogandia.es\/?p=5667"},"modified":"2025-02-19T18:23:14","modified_gmt":"2025-02-19T18:23:14","slug":"soler-califica-de-improductiva-y-propagandistica-la-reunion-del-alcalde-socialista-con-el-presidente-de-adif","status":"publish","type":"post","link":"https:\/\/infogandia.es\/index.php\/2025\/02\/19\/soler-califica-de-improductiva-y-propagandistica-la-reunion-del-alcalde-socialista-con-el-presidente-de-adif\/","title":{"rendered":"Soler califica de &#8220;improductiva y propagand\u00edstica&#8221; la reuni\u00f3n del alcalde socialista con el Presidente de ADIF"},"content":{"rendered":"\n<p>El Portavoz del Grupo Municipal Popular, V\u00edctor Soler, ha expresado su decepci\u00f3n tras conocer las declaraciones del alcalde socialista, Jos\u00e9 Manuel Prieto, sobre su reciente reuni\u00f3n con el Presidente de ADIF. Para Soler, la reuni\u00f3n fue una &#8220;decepci\u00f3n absoluta&#8221; ya que no aport\u00f3 ninguna informaci\u00f3n relevante ni avanz\u00f3 en los proyectos clave para Gandia.<\/p>\n\n\n\n<p>El alcalde Prieto hab\u00eda anunciado semanas atr\u00e1s que el desdoblamiento de la l\u00ednea f\u00e9rrea Cullera-Gandia &#8220;era un hecho&#8221;, aunque precis\u00f3 que el proyecto a\u00fan no estaba redactado y que quedaban reuniones pendientes, espec\u00edficamente con el presidente de ADIF. Sin embargo, tras el encuentro, Soler considera que no hubo ning\u00fan anuncio nuevo, m\u00e1s all\u00e1 de la publicaci\u00f3n de una foto con un mensaje &#8220;elegante y esperanzador, pero completamente vac\u00edo de contenido y gesti\u00f3n eficiente&#8221;.<\/p>\n\n\n\n<p>El portavoz popular subray\u00f3 lo que los gandienses esperaban de esta reuni\u00f3n, se\u00f1alando que &#8220;todos esper\u00e1bamos respuestas sobre las alegaciones que el Ayuntamiento present\u00f3 en enero de 2020, las cuales siguen sin resolverse&#8221;. Soler tambi\u00e9n destac\u00f3 que &#8220;el anuncio de la redacci\u00f3n del proyecto y el inicio del procedimiento de licitaci\u00f3n&#8221; son pasos fundamentales para que esta reuni\u00f3n tuviera alg\u00fan impacto real, pues el desdoblamiento lleva esperando m\u00e1s de una d\u00e9cada.<\/p>\n\n\n\n<p>Adem\u00e1s, Soler record\u00f3 que el alcalde ya hab\u00eda hecho un anuncio similar sobre la cesi\u00f3n del entorno de la estaci\u00f3n de RENFE a la ciudad de Gandia hace un a\u00f1o, en marzo de 2024, tras una reuni\u00f3n que tambi\u00e9n calific\u00f3 de &#8220;improductiva&#8221;. Para el portavoz del PP, Prieto repite &#8220;como un mantra los mismos anuncios durante a\u00f1os, pero es incapaz de poner una m\u00e1quina de obra a trabajar&#8221;.<\/p>\n\n\n\n<p>Soler concluy\u00f3 su intervenci\u00f3n con un mensaje directo al alcalde socialista: &#8220;Le repetimos lo que hacemos todos los d\u00edas: que abandone la propaganda y se ponga a trabajar&#8221;.<\/p>\n","protected":false},"excerpt":{"rendered":"<p>El Portavoz del Grupo Municipal Popular, V\u00edctor Soler, ha expresado su decepci\u00f3n tras conocer las declaraciones del alcalde socialista, Jos\u00e9 Manuel Prieto, sobre su reciente reuni\u00f3n con el Presidente de ADIF. Para Soler, la reuni\u00f3n fue una &#8220;decepci\u00f3n absoluta&#8221; ya que no aport\u00f3 ninguna informaci\u00f3n relevante ni avanz\u00f3 en los proyectos clave para Gandia. El&#8230;<\/p>\n","protected":false},"author":1,"featured_media":5668,"comment_status":"open","ping_status":"open","sticky":false,"template":"","format":"standard","meta":{"footnotes":""},"categories":[1,27],"tags":[],"class_list":["post-5667","post","type-post","status-publish","format-standard","has-post-thumbnail","hentry","category-actualidad","category-sociedad"],"_links":{"self":[{"href":"https:\/\/infogandia.es\/index.php\/wp-json\/wp\/v2\/posts\/5667","targetHints":{"allow":["GET"]}}],"collection":[{"href":"https:\/\/infogandia.es\/index.php\/wp-json\/wp\/v2\/posts"}],"about":[{"href":"https:\/\/infogandia.es\/index.php\/wp-json\/wp\/v2\/types\/post"}],"author":[{"embeddable":true,"href":"https:\/\/infogandia.es\/index.php\/wp-json\/wp\/v2\/users\/1"}],"replies":[{"embeddable":true,"href":"https:\/\/infogandia.es\/index.php\/wp-json\/wp\/v2\/comments?post=5667"}],"version-history":[{"count":1,"href":"https:\/\/infogandia.es\/index.php\/wp-json\/wp\/v2\/posts\/5667\/revisions"}],"predecessor-version":[{"id":5669,"href":"https:\/\/infogandia.es\/index.php\/wp-json\/wp\/v2\/posts\/5667\/revisions\/5669"}],"wp:featuredmedia":[{"embeddable":true,"href":"https:\/\/infogandia.es\/index.php\/wp-json\/wp\/v2\/media\/5668"}],"wp:attachment":[{"href":"https:\/\/infogandia.es\/index.php\/wp-json\/wp\/v2\/media?parent=5667"}],"wp:term":[{"taxonomy":"category","embeddable":true,"href":"https:\/\/infogandia.es\/index.php\/wp-json\/wp\/v2\/categories?post=5667"},{"taxonomy":"post_tag","embeddable":true,"href":"https:\/\/infogandia.es\/index.php\/wp-json\/wp\/v2\/tags?post=5667"}],"curies":[{"name":"wp","href":"https:\/\/api.w.org\/{rel}","templated":true}]}}