{"id":5670,"date":"2025-02-20T10:10:58","date_gmt":"2025-02-20T10:10:58","guid":{"rendered":"https:\/\/infogandia.es\/?p=5670"},"modified":"2025-02-20T10:16:43","modified_gmt":"2025-02-20T10:16:43","slug":"el-rotova-visita-el-tertulion-mientras-el-gandia-busca-refuerzos","status":"publish","type":"post","link":"https:\/\/infogandia.es\/index.php\/2025\/02\/20\/el-rotova-visita-el-tertulion-mientras-el-gandia-busca-refuerzos\/","title":{"rendered":"El R\u00f3tova visita el Tertuli\u00f3n mientras el Gandia busca refuerzos"},"content":{"rendered":"\n<p>Este mi\u00e9rcoles, el programa <em>El Tertuli\u00f3n<\/em> recibi\u00f3 con entusiasmo a una representaci\u00f3n del R\u00f3tova, equipo que actualmente ocupa el segundo puesto en la clasificaci\u00f3n de Tercera Regional y aspira al ascenso. La delegaci\u00f3n estuvo compuesta por su presidente, Fran Garc\u00eda; el entrenador; el capit\u00e1n del equipo; y Mois\u00e9s, coordinador del club, quienes compartieron detalles sobre la evoluci\u00f3n y el presente del conjunto.<\/p>\n\n\n\n<figure class=\"wp-block-embed is-type-video is-provider-youtube wp-block-embed-youtube wp-embed-aspect-16-9 wp-has-aspect-ratio\"><div class=\"wp-block-embed__wrapper\">\n<iframe title=\"EL TERTULION GANDIA | Empiezan a hervir los fichajes del\u00a0gandia | El Rotova quiere el ascenso\" width=\"640\" height=\"360\" src=\"https:\/\/www.youtube.com\/embed\/3soXGABUMJE?feature=oembed\" frameborder=\"0\" allow=\"accelerometer; autoplay; clipboard-write; encrypted-media; gyroscope; picture-in-picture; web-share\" referrerpolicy=\"strict-origin-when-cross-origin\" allowfullscreen><\/iframe>\n<\/div><\/figure>\n\n\n\n<p>Durante la entrevista, se destac\u00f3 la solidez del R\u00f3tova como equipo y la importancia de la plantilla en su rendimiento.<em> &#8220;Nuestro punto fuerte es el grupo. No dependemos de individualidades, sino del trabajo colectivo<\/em>&#8220;, explic\u00f3 el capit\u00e1n. Con el Villalonga como l\u00edder de la categor\u00eda, la lucha por la primera plaza sigue abierta, y los representantes del R\u00f3tova mostraron confianza en sus posibilidades de ascenso tras quedarse a las puertas la temporada pasada.<\/p>\n\n\n\n<p>El club no solo trabaja en el primer equipo, sino que tambi\u00e9n ha desarrollado una cantera que abarca desde querubines hasta juveniles. Adem\u00e1s, recientemente han impulsado un filial Sub-23 para dar continuidad a la formaci\u00f3n de j\u00f3venes futbolistas. <em>&#8220;Nos ha costado, pero ya la maquinaria est\u00e1 en marcha&#8221;<\/em>, destac\u00f3 Mois\u00e9s, resaltando el esfuerzo tanto deportivo como econ\u00f3mico que supone mantener una estructura en crecimiento.<\/p>\n\n\n\n<p>Por otro lado, la tertulia abord\u00f3 el mercado de fichajes del Gandia, que en las \u00faltimas horas ha estado negociando con varios jugadores de la comarca, entre ellos dos defensas y un delantero de Primera y Segunda Federaci\u00f3n. Aunque no se han concretado incorporaciones, el club sigue en la b\u00fasqueda de refuerzos que puedan elevar el nivel de la plantilla.<\/p>\n\n\n\n<p>Uno de los temas que m\u00e1s llam\u00f3 la atenci\u00f3n fue la situaci\u00f3n econ\u00f3mica del club gandiense, ya que, seg\u00fan se coment\u00f3 en el programa, a los jugadores locales no se les ofrece remuneraci\u00f3n, mientras que los posibles fichajes s\u00ed est\u00e1n recibiendo ofertas econ\u00f3micas. <em>&#8220;Si quieren fidelizar a la gente de Gandia, deber\u00edan tratarlos con m\u00e1s cari\u00f1o&#8221;,<\/em> se coment\u00f3 en tono cr\u00edtico.<\/p>\n\n\n\n<p>En el cierre del programa, se habl\u00f3 de la infraestructura deportiva del R\u00f3tova y la posibilidad de mejorar sus instalaciones. Aunque se han realizado avances, los directivos se\u00f1alaron que a\u00fan hay aspectos por optimizar. <em>&#8220;Lo importante es que haya intenci\u00f3n por parte de las autoridades&#8221;<\/em>, concluyeron con un mensaje a los responsables municipales.<\/p>\n\n\n\n<p>Con la emoci\u00f3n del f\u00fatbol regional en su punto \u00e1lgido, el R\u00f3tova sigue su camino hacia el ascenso, mientras el Gandia mueve sus fichas en busca de refuerzos clave para su plantilla.<\/p>\n","protected":false},"excerpt":{"rendered":"<p>Este mi\u00e9rcoles, el programa El Tertuli\u00f3n recibi\u00f3 con entusiasmo a una representaci\u00f3n del R\u00f3tova, equipo que actualmente ocupa el segundo puesto en la clasificaci\u00f3n de Tercera Regional y aspira al ascenso. La delegaci\u00f3n estuvo compuesta por su presidente, Fran Garc\u00eda; el entrenador; el capit\u00e1n del equipo; y Mois\u00e9s, coordinador del club, quienes compartieron detalles sobre&#8230;<\/p>\n","protected":false},"author":1,"featured_media":5671,"comment_status":"open","ping_status":"open","sticky":false,"template":"","format":"standard","meta":{"footnotes":""},"categories":[1,4],"tags":[],"class_list":["post-5670","post","type-post","status-publish","format-standard","has-post-thumbnail","hentry","category-actualidad","category-deporte"],"_links":{"self":[{"href":"https:\/\/infogandia.es\/index.php\/wp-json\/wp\/v2\/posts\/5670","targetHints":{"allow":["GET"]}}],"collection":[{"href":"https:\/\/infogandia.es\/index.php\/wp-json\/wp\/v2\/posts"}],"about":[{"href":"https:\/\/infogandia.es\/index.php\/wp-json\/wp\/v2\/types\/post"}],"author":[{"embeddable":true,"href":"https:\/\/infogandia.es\/index.php\/wp-json\/wp\/v2\/users\/1"}],"replies":[{"embeddable":true,"href":"https:\/\/infogandia.es\/index.php\/wp-json\/wp\/v2\/comments?post=5670"}],"version-history":[{"count":2,"href":"https:\/\/infogandia.es\/index.php\/wp-json\/wp\/v2\/posts\/5670\/revisions"}],"predecessor-version":[{"id":5673,"href":"https:\/\/infogandia.es\/index.php\/wp-json\/wp\/v2\/posts\/5670\/revisions\/5673"}],"wp:featuredmedia":[{"embeddable":true,"href":"https:\/\/infogandia.es\/index.php\/wp-json\/wp\/v2\/media\/5671"}],"wp:attachment":[{"href":"https:\/\/infogandia.es\/index.php\/wp-json\/wp\/v2\/media?parent=5670"}],"wp:term":[{"taxonomy":"category","embeddable":true,"href":"https:\/\/infogandia.es\/index.php\/wp-json\/wp\/v2\/categories?post=5670"},{"taxonomy":"post_tag","embeddable":true,"href":"https:\/\/infogandia.es\/index.php\/wp-json\/wp\/v2\/tags?post=5670"}],"curies":[{"name":"wp","href":"https:\/\/api.w.org\/{rel}","templated":true}]}}