{"id":5679,"date":"2025-02-24T15:49:49","date_gmt":"2025-02-24T15:49:49","guid":{"rendered":"https:\/\/infogandia.es\/?p=5679"},"modified":"2025-02-24T15:49:52","modified_gmt":"2025-02-24T15:49:52","slug":"la-junta-de-gobierno-aprueba-el-protocolo-de-colaboracion-entre-el-ministerio-y-el-ayuntamiento-de-gandia-para-la-mejora-de-infraestructuras-viarias","status":"publish","type":"post","link":"https:\/\/infogandia.es\/index.php\/2025\/02\/24\/la-junta-de-gobierno-aprueba-el-protocolo-de-colaboracion-entre-el-ministerio-y-el-ayuntamiento-de-gandia-para-la-mejora-de-infraestructuras-viarias\/","title":{"rendered":"La Junta de Gobierno aprueba el protocolo de colaboraci\u00f3n entre el Ministerio y el Ayuntamiento de Gandia para la mejora de infraestructuras viarias"},"content":{"rendered":"\n<ul class=\"wp-block-list\">\n<li>El gobierno municipal tambi\u00e9n aprueba la adhesi\u00f3n al programa Platea 2025-26, que enriquecer\u00e1 la programaci\u00f3n del Teatro Serrano.<\/li>\n<\/ul>\n\n\n\n<p>La Junta de Gobierno del Ayuntamiento de Gandia, reunida esta ma\u00f1ana, ha aprobado el protocolo de colaboraci\u00f3n entre el Ministerio de Transportes y Movilidad Sostenible y el consistorio local para la mejora de las infraestructuras viarias en la ciudad.<\/p>\n\n\n\n<p>Este documento supone el primer paso dentro del Pacto por las Infraestructuras que Gandia ha propuesto a administraciones superiores y que se est\u00e1 consensuando con agentes empresariales, sociales y todos los grupos pol\u00edticos con representaci\u00f3n municipal.<\/p>\n\n\n\n<p>El protocolo, firmado el pasado 10 de enero por el alcalde de Gandia, Jos\u00e9 Manuel Prieto, y el secretario de Estado de Transportes y Movilidad Sostenible, Jos\u00e9 Antonio Santano, compromete al Ministerio a ejecutar diversas actuaciones en el menor tiempo posible. Por su parte, el Ayuntamiento de Gandia asumir\u00e1 la titularidad de la carretera de acceso a la playa (carretera S\u00e8quia del Rei &#8211; antigua N-337) una vez finalizada la intervenci\u00f3n de humanizaci\u00f3n prevista.<\/p>\n\n\n\n<h3 class=\"wp-block-heading\">Actuaciones contempladas en el protocolo<\/h3>\n\n\n\n<ul class=\"wp-block-list\">\n<li><strong>Duplicaci\u00f3n de la N-332 variante de Gandia<\/strong><br>Se continuar\u00e1 la autov\u00eda A-38, duplicando la circunvalaci\u00f3n de Gandia en el tramo entre la N-332 y el inicio de la N-337, que da acceso al puerto. Se avanzar\u00e1 en el dise\u00f1o del trazado y en el proyecto constructivo, priorizando las curvas de Sant Joan y el acceso a la playa.<\/li>\n\n\n\n<li><strong>Mejora del acceso a la playa (carretera S\u00e8quia del Rei &#8211; antigua N-337)<\/strong><br>Se humanizar\u00e1 el acceso norte a la playa con la plantaci\u00f3n de arbolado, mejorando su funcionalidad y est\u00e9tica. Una vez concluida la obra, la gesti\u00f3n de esta v\u00eda pasar\u00e1 a manos del Ayuntamiento.<\/li>\n\n\n\n<li><strong>Atenuaci\u00f3n del impacto ac\u00fastico de la AP-7<\/strong><br>Desde la liberalizaci\u00f3n de la autopista, el aumento del tr\u00e1fico ha generado un mayor impacto ac\u00fastico. Por ello, el Ministerio ha incluido en su mapa contra el ruido la zona de las urbanizaciones de Marxuquera afectadas.<\/li>\n<\/ul>\n\n\n\n<p>Sobre este acuerdo, el alcalde Prieto ha destacado que permitir\u00e1 &#8220;avanzar y hacer de Gandia una ciudad m\u00e1s competitiva que contin\u00fae generando oportunidades&#8221;. Adem\u00e1s, ha se\u00f1alado que este protocolo supone &#8220;un avance decisivo para el desarrollo de la ciudad y para lograr la tercera gran transformaci\u00f3n de Gandia&#8221;.<\/p>\n\n\n\n<h3 class=\"wp-block-heading\">Adhesi\u00f3n al programa Platea 2025-26<\/h3>\n\n\n\n<p>En la misma sesi\u00f3n, el gobierno municipal aprob\u00f3 la adhesi\u00f3n del Ayuntamiento al <strong>Programa Platea 2025-26<\/strong>, una iniciativa estatal de circulaci\u00f3n de espect\u00e1culos de artes esc\u00e9nicas organizada por el Instituto Nacional de las Artes Esc\u00e9nicas y de la M\u00fasica (INAEM) en colaboraci\u00f3n con la Federaci\u00f3n Espa\u00f1ola de Municipios y Provincias (FEMP).<\/p>\n\n\n\n<p>Este programa permitir\u00e1 fortalecer la programaci\u00f3n del Teatro Serrano, acercando espect\u00e1culos de primer nivel a la ciudad con un menor coste para las arcas municipales.<\/p>\n\n\n\n<p>La concejala de Cultura, Balbina Sendra, valor\u00f3 positivamente la adhesi\u00f3n y destac\u00f3 que formar parte de Platea <strong>&#8220;supone un reconocimiento a la apuesta del gobierno municipal por impulsar la cultura y consolida a Gandia como un referente nacional en este programa&#8221;<\/strong>.<\/p>\n","protected":false},"excerpt":{"rendered":"<p>La Junta de Gobierno del Ayuntamiento de Gandia, reunida esta ma\u00f1ana, ha aprobado el protocolo de colaboraci\u00f3n entre el Ministerio de Transportes y Movilidad Sostenible y el consistorio local para la mejora de las infraestructuras viarias en la ciudad. Este documento supone el primer paso dentro del Pacto por las Infraestructuras que Gandia ha propuesto&#8230;<\/p>\n","protected":false},"author":1,"featured_media":5680,"comment_status":"open","ping_status":"open","sticky":false,"template":"","format":"standard","meta":{"footnotes":""},"categories":[1,3,27],"tags":[],"class_list":["post-5679","post","type-post","status-publish","format-standard","has-post-thumbnail","hentry","category-actualidad","category-politica","category-sociedad"],"_links":{"self":[{"href":"https:\/\/infogandia.es\/index.php\/wp-json\/wp\/v2\/posts\/5679","targetHints":{"allow":["GET"]}}],"collection":[{"href":"https:\/\/infogandia.es\/index.php\/wp-json\/wp\/v2\/posts"}],"about":[{"href":"https:\/\/infogandia.es\/index.php\/wp-json\/wp\/v2\/types\/post"}],"author":[{"embeddable":true,"href":"https:\/\/infogandia.es\/index.php\/wp-json\/wp\/v2\/users\/1"}],"replies":[{"embeddable":true,"href":"https:\/\/infogandia.es\/index.php\/wp-json\/wp\/v2\/comments?post=5679"}],"version-history":[{"count":1,"href":"https:\/\/infogandia.es\/index.php\/wp-json\/wp\/v2\/posts\/5679\/revisions"}],"predecessor-version":[{"id":5683,"href":"https:\/\/infogandia.es\/index.php\/wp-json\/wp\/v2\/posts\/5679\/revisions\/5683"}],"wp:featuredmedia":[{"embeddable":true,"href":"https:\/\/infogandia.es\/index.php\/wp-json\/wp\/v2\/media\/5680"}],"wp:attachment":[{"href":"https:\/\/infogandia.es\/index.php\/wp-json\/wp\/v2\/media?parent=5679"}],"wp:term":[{"taxonomy":"category","embeddable":true,"href":"https:\/\/infogandia.es\/index.php\/wp-json\/wp\/v2\/categories?post=5679"},{"taxonomy":"post_tag","embeddable":true,"href":"https:\/\/infogandia.es\/index.php\/wp-json\/wp\/v2\/tags?post=5679"}],"curies":[{"name":"wp","href":"https:\/\/api.w.org\/{rel}","templated":true}]}}