{"id":5686,"date":"2025-02-24T15:51:26","date_gmt":"2025-02-24T15:51:26","guid":{"rendered":"https:\/\/infogandia.es\/?p=5686"},"modified":"2025-02-24T15:53:22","modified_gmt":"2025-02-24T15:53:22","slug":"aqui-tienes-la-noticia-redactada-en-castellano","status":"publish","type":"post","link":"https:\/\/infogandia.es\/index.php\/2025\/02\/24\/aqui-tienes-la-noticia-redactada-en-castellano\/","title":{"rendered":"Gandia inicia la transformaci\u00f3n de la Avenida de la Paz con una inversi\u00f3n de m\u00e1s de 630.000 euros"},"content":{"rendered":"\n<ul class=\"wp-block-list\">\n<li><strong>El proyecto, financiado al 100% con fondos europeos Next Generation, forma parte del tercer Plan de Sostenibilidad Tur\u00edstica al que ha accedido la ciudad.<\/strong><\/li>\n\n\n\n<li><strong>Jos\u00e9 Manuel Prieto:<\/strong> \u201cEste proyecto potenciar\u00e1 la actividad tur\u00edstica y comercial, ya que los espacios amables y bien integrados son tambi\u00e9n un revulsivo econ\u00f3mico\u201d.<\/li>\n\n\n\n<li><strong>Maite Alonso:<\/strong> \u201cCon esta actuaci\u00f3n mejoramos la puerta de entrada a nuestro principal recurso tur\u00edstico: la playa\u201d.<\/li>\n<\/ul>\n\n\n\n<p>El alcalde de Gandia, <strong>Jos\u00e9 Manuel Prieto<\/strong>, acompa\u00f1ado por la coordinadora general de Urbanismo, <strong>Maite Alonso<\/strong>; el presidente de la Junta de Distrito del Grau, <strong>Miguel \u00c1ngel Picornell<\/strong>, y la concejala de Econom\u00eda, <strong>Elena Moncho<\/strong>, ha anunciado el inicio de las obras de <strong>humanizaci\u00f3n y renovaci\u00f3n urbana<\/strong> de la <strong>Avenida de la Paz<\/strong>.<\/p>\n\n\n\n<p>Este proyecto, que se enmarca dentro del <strong>tercer Plan de Sostenibilidad Tur\u00edstica (2023-2025)<\/strong>, est\u00e1 financiado <strong>\u00edntegramente con fondos europeos Next Generation<\/strong> y supondr\u00e1 una inversi\u00f3n de <strong>630.236 euros<\/strong>.<\/p>\n\n\n\n<p>La actuaci\u00f3n transformar\u00e1 una de las principales arterias de la ciudad, que conecta la fachada mar\u00edtima de la <strong>Playa Norte<\/strong> con el n\u00facleo urbano del <strong>Grau<\/strong>, en un <strong>espacio m\u00e1s accesible, sostenible y moderno<\/strong>. Las obras se ejecutar\u00e1n en dos fases:<\/p>\n\n\n\n<ul class=\"wp-block-list\">\n<li><strong>Primera fase:<\/strong> Desde el Paseo Mar\u00edtimo Neptuno hasta la calle Mare Nostrum. Inicio esta misma semana y finalizaci\u00f3n prevista para <strong>junio de 2024<\/strong>.<\/li>\n\n\n\n<li><strong>Segunda fase:<\/strong> Desde la calle Mare Nostrum hasta la calle Atl\u00e1ntico. Inicio en <strong>septiembre de 2024<\/strong> y finalizaci\u00f3n en <strong>enero de 2026<\/strong>.<\/li>\n<\/ul>\n\n\n\n<p>El alcalde Prieto ha subrayado que esta transformaci\u00f3n convertir\u00e1 la Avenida de la Paz en un <strong>espacio prioritario para peatones y ciclistas<\/strong>, mediante la creaci\u00f3n de una plataforma \u00fanica con prioridad sobre los veh\u00edculos. Adem\u00e1s, el proyecto incluye la <strong>renovaci\u00f3n del alumbrado p\u00fablico, la mejora de las redes de agua potable y saneamiento, la integraci\u00f3n ambiental con m\u00e1s arbolado y la creaci\u00f3n de nuevas zonas de descanso con mobiliario urbano<\/strong>.<\/p>\n\n\n\n<p><strong>\u201cEl Grau se consolida como un punto clave en nuestro desarrollo urbano sostenible, con mejor conectividad y una imagen renovada que beneficiar\u00e1 tanto a residentes como a visitantes\u201d<\/strong>, ha destacado Prieto, quien ha se\u00f1alado que este tipo de actuaciones son clave para impulsar la actividad tur\u00edstica y comercial.<\/p>\n\n\n\n<p>El alcalde ha recordado que esta intervenci\u00f3n forma parte de un <strong>plan global de modernizaci\u00f3n<\/strong> que ya ha supuesto <strong>una inversi\u00f3n de 114 millones de euros<\/strong> en la ciudad, gracias a la financiaci\u00f3n de fondos europeos y nacionales. La renovaci\u00f3n de la Avenida de la Paz se suma a otras actuaciones recientes, como la mejora de <strong>la calle Navegant, la Plaza del Campanar de Beniopa y el entorno del Ayuntamiento de Gandia<\/strong>.<\/p>\n\n\n\n<p><strong>\u201cEste proyecto potenciar\u00e1 la actividad tur\u00edstica y comercial, ya que los espacios bien dise\u00f1ados y adaptados al entorno tambi\u00e9n son un revulsivo econ\u00f3mico\u201d<\/strong>, ha se\u00f1alado Prieto.<\/p>\n\n\n\n<p>Por su parte, la coordinadora general de Urbanismo, <strong>Maite Alonso<\/strong>, ha resaltado que Gandia es <strong>el \u00fanico municipio de la Comunidad Valenciana<\/strong> y <strong>uno de los pocos de Espa\u00f1a<\/strong> que ha logrado acceder y ejecutar <strong>tres Planes de Sostenibilidad Tur\u00edstica<\/strong>, lo que demuestra <strong>el compromiso del gobierno municipal y el trabajo eficiente de los t\u00e9cnicos del Ayuntamiento<\/strong>.<\/p>\n\n\n\n<p><strong>\u201cCada vez que recibimos ayudas de este tipo, trabajamos para que los espacios urbanos sean m\u00e1s accesibles y sostenibles\u201d<\/strong>, ha afirmado Alonso, quien ha destacado la importancia de estas mejoras no solo en la superficie, sino tambi\u00e9n en <strong>infraestructuras subterr\u00e1neas esenciales para la ciudad<\/strong>.<\/p>\n\n\n\n<p><strong>\u201cAdem\u00e1s de mejorar la econom\u00eda de la zona, estamos mejorando la puerta de entrada a nuestro principal recurso tur\u00edstico: la playa\u201d<\/strong>, ha concluido.<\/p>\n\n\n\n<p>Las obras han sido adjudicadas a la empresa local <strong>Cadersa<\/strong>, y al estar completamente financiadas con fondos europeos, <strong>no supondr\u00e1n ning\u00fan coste para la administraci\u00f3n local<\/strong>.<\/p>\n","protected":false},"excerpt":{"rendered":"<p>El alcalde de Gandia, Jos\u00e9 Manuel Prieto, acompa\u00f1ado por la coordinadora general de Urbanismo, Maite Alonso; el presidente de la Junta de Distrito del Grau, Miguel \u00c1ngel Picornell, y la concejala de Econom\u00eda, Elena Moncho, ha anunciado el inicio de las obras de humanizaci\u00f3n y renovaci\u00f3n urbana de la Avenida de la Paz. Este proyecto,&#8230;<\/p>\n","protected":false},"author":1,"featured_media":5681,"comment_status":"open","ping_status":"open","sticky":false,"template":"","format":"standard","meta":{"footnotes":""},"categories":[1,3],"tags":[],"class_list":["post-5686","post","type-post","status-publish","format-standard","has-post-thumbnail","hentry","category-actualidad","category-politica"],"_links":{"self":[{"href":"https:\/\/infogandia.es\/index.php\/wp-json\/wp\/v2\/posts\/5686","targetHints":{"allow":["GET"]}}],"collection":[{"href":"https:\/\/infogandia.es\/index.php\/wp-json\/wp\/v2\/posts"}],"about":[{"href":"https:\/\/infogandia.es\/index.php\/wp-json\/wp\/v2\/types\/post"}],"author":[{"embeddable":true,"href":"https:\/\/infogandia.es\/index.php\/wp-json\/wp\/v2\/users\/1"}],"replies":[{"embeddable":true,"href":"https:\/\/infogandia.es\/index.php\/wp-json\/wp\/v2\/comments?post=5686"}],"version-history":[{"count":3,"href":"https:\/\/infogandia.es\/index.php\/wp-json\/wp\/v2\/posts\/5686\/revisions"}],"predecessor-version":[{"id":5690,"href":"https:\/\/infogandia.es\/index.php\/wp-json\/wp\/v2\/posts\/5686\/revisions\/5690"}],"wp:featuredmedia":[{"embeddable":true,"href":"https:\/\/infogandia.es\/index.php\/wp-json\/wp\/v2\/media\/5681"}],"wp:attachment":[{"href":"https:\/\/infogandia.es\/index.php\/wp-json\/wp\/v2\/media?parent=5686"}],"wp:term":[{"taxonomy":"category","embeddable":true,"href":"https:\/\/infogandia.es\/index.php\/wp-json\/wp\/v2\/categories?post=5686"},{"taxonomy":"post_tag","embeddable":true,"href":"https:\/\/infogandia.es\/index.php\/wp-json\/wp\/v2\/tags?post=5686"}],"curies":[{"name":"wp","href":"https:\/\/api.w.org\/{rel}","templated":true}]}}