{"id":5691,"date":"2025-02-24T15:54:02","date_gmt":"2025-02-24T15:54:02","guid":{"rendered":"https:\/\/infogandia.es\/?p=5691"},"modified":"2025-02-24T17:12:46","modified_gmt":"2025-02-24T17:12:46","slug":"el-teatre-serrano-acoge-este-sabado-el-corazon-tatuado-una-obra-sobre-resiliencia-y-superacion","status":"publish","type":"post","link":"https:\/\/infogandia.es\/index.php\/2025\/02\/24\/el-teatre-serrano-acoge-este-sabado-el-corazon-tatuado-una-obra-sobre-resiliencia-y-superacion\/","title":{"rendered":"El Teatre Serrano acoge este s\u00e1bado &#8220;El Coraz\u00f3n Tatuado&#8221;, una obra sobre resiliencia y superaci\u00f3n"},"content":{"rendered":"\n<ul class=\"wp-block-list\">\n<li><strong>Las entradas pueden adquirirse en<\/strong> <a href=\"https:\/\/www.ticketere.com\/\">www.ticketere.com<\/a> <strong>o en puntos de venta f\u00edsicos en Gandia, como \u00d3pticas Borja, Casa Pastor y Meraki Art, as\u00ed como en la Pasteler\u00eda David Vizca\u00edno y la Copister\u00eda Estudi en el Grau de Gandia.<\/strong><\/li>\n<\/ul>\n\n\n\n<p>Gandia, 24 de febrero de 2024.- El pr\u00f3ximo <strong>s\u00e1bado 1 de marzo<\/strong>, a las <strong>20:00 horas<\/strong>, el <strong>Teatre Serrano<\/strong> de Gandia acoger\u00e1 la representaci\u00f3n de <strong>&#8220;El Coraz\u00f3n Tatuado&#8221;<\/strong>, una obra dirigida e interpretada por <strong>Ada Ares Alonso<\/strong>. La directora, acompa\u00f1ada por la concejala delegada de Sanidad, <strong>Liduvina Gil<\/strong>, y la edil de Igualdad, <strong>Maribel Codina<\/strong>, ha presentado esta ma\u00f1ana la obra en rueda de prensa.<\/p>\n\n\n\n<p><strong>&#8220;Se trata de un viaje \u00edntimo y valiente en el que la artista narra en primera persona su historia de vida, marcada por la lucha interna, las lecciones aprendidas y la resiliencia&#8221;<\/strong>, ha explicado <strong>Liduvina Gil<\/strong>, quien ha destacado que <strong>&#8220;Ada ha sabido convertir su situaci\u00f3n en arte y, con esta obra, ayudar a otras personas que puedan encontrarse en una situaci\u00f3n similar&#8221;<\/strong>.<\/p>\n\n\n\n<p>La obra busca utilizar el arte como <strong>herramienta de visibilizaci\u00f3n y apoyo<\/strong> para quienes puedan verse reflejados en la historia. En palabras de la concejala de Igualdad, <strong>Maribel Codina<\/strong>, <strong>&#8220;apostamos de inmediato por esta propuesta teatral, ya que creemos que es fundamental dar visibilidad a la mujer y a la salud mental&#8221;<\/strong>.<\/p>\n\n\n\n<p>Por su parte, la autora ha explicado que la obra va <strong>&#8220;m\u00e1s all\u00e1 de los problemas de salud mental y aborda otros temas de actualidad como la mujer, la inmigraci\u00f3n y otros. Es una obra sorprendente, sin dobleces. Es la historia de mi vida, de c\u00f3mo he podido mejorar gracias a la ayuda de otras personas y de c\u00f3mo el arte me ha ayudado a estar mejor&#8221;<\/strong>.<\/p>\n\n\n\n<p>Adem\u00e1s de la interpretaci\u00f3n de <strong>Ada Ares Alonso<\/strong>, la escenificaci\u00f3n contar\u00e1 con la participaci\u00f3n de <strong>Isabel Garc\u00eda Capelino, Lola Garc\u00eda Moncho<\/strong> y varias academias de danza, entre ellas <strong>Sonsoles Borja, Motiva Dansa y J\u00f3venes en Danza<\/strong>.<\/p>\n\n\n\n<h3 class=\"wp-block-heading\"><strong>Entradas y puntos de venta<\/strong><\/h3>\n\n\n\n<p>Las entradas est\u00e1n disponibles en l\u00ednea a trav\u00e9s de <strong><a href=\"https:\/\/www.ticketere.com\/\">www.ticketere.com<\/a><\/strong> y en varios puntos de venta f\u00edsicos en Gandia:<br>\ud83d\udccd <strong>\u00d3pticas Borja<\/strong><br>\ud83d\udccd <strong>Casa Pastor<\/strong><br>\ud83d\udccd <strong>Meraki Art<\/strong><br>\ud83d\udccd <strong>Pasteler\u00eda David Vizca\u00edno<\/strong> (Grau de Gandia)<br>\ud83d\udccd <strong>Copister\u00eda Estudi<\/strong> (Grau de Gandia)<\/p>\n\n\n\n<p>Desde la organizaci\u00f3n, se invita a toda la ciudadan\u00eda a asistir a esta representaci\u00f3n, que promete ser una experiencia <strong>conmovedora y enriquecedora<\/strong>.<\/p>\n","protected":false},"excerpt":{"rendered":"<p>Gandia, 24 de febrero de 2024.- El pr\u00f3ximo s\u00e1bado 1 de marzo, a las 20:00 horas, el Teatre Serrano de Gandia acoger\u00e1 la representaci\u00f3n de &#8220;El Coraz\u00f3n Tatuado&#8221;, una obra dirigida e interpretada por Ada Ares Alonso. La directora, acompa\u00f1ada por la concejala delegada de Sanidad, Liduvina Gil, y la edil de Igualdad, Maribel Codina,&#8230;<\/p>\n","protected":false},"author":1,"featured_media":5692,"comment_status":"open","ping_status":"open","sticky":false,"template":"","format":"standard","meta":{"footnotes":""},"categories":[1,27],"tags":[],"class_list":["post-5691","post","type-post","status-publish","format-standard","has-post-thumbnail","hentry","category-actualidad","category-sociedad"],"_links":{"self":[{"href":"https:\/\/infogandia.es\/index.php\/wp-json\/wp\/v2\/posts\/5691","targetHints":{"allow":["GET"]}}],"collection":[{"href":"https:\/\/infogandia.es\/index.php\/wp-json\/wp\/v2\/posts"}],"about":[{"href":"https:\/\/infogandia.es\/index.php\/wp-json\/wp\/v2\/types\/post"}],"author":[{"embeddable":true,"href":"https:\/\/infogandia.es\/index.php\/wp-json\/wp\/v2\/users\/1"}],"replies":[{"embeddable":true,"href":"https:\/\/infogandia.es\/index.php\/wp-json\/wp\/v2\/comments?post=5691"}],"version-history":[{"count":1,"href":"https:\/\/infogandia.es\/index.php\/wp-json\/wp\/v2\/posts\/5691\/revisions"}],"predecessor-version":[{"id":5693,"href":"https:\/\/infogandia.es\/index.php\/wp-json\/wp\/v2\/posts\/5691\/revisions\/5693"}],"wp:featuredmedia":[{"embeddable":true,"href":"https:\/\/infogandia.es\/index.php\/wp-json\/wp\/v2\/media\/5692"}],"wp:attachment":[{"href":"https:\/\/infogandia.es\/index.php\/wp-json\/wp\/v2\/media?parent=5691"}],"wp:term":[{"taxonomy":"category","embeddable":true,"href":"https:\/\/infogandia.es\/index.php\/wp-json\/wp\/v2\/categories?post=5691"},{"taxonomy":"post_tag","embeddable":true,"href":"https:\/\/infogandia.es\/index.php\/wp-json\/wp\/v2\/tags?post=5691"}],"curies":[{"name":"wp","href":"https:\/\/api.w.org\/{rel}","templated":true}]}}