{"id":5696,"date":"2025-02-25T16:15:46","date_gmt":"2025-02-25T16:15:46","guid":{"rendered":"https:\/\/infogandia.es\/?p=5696"},"modified":"2025-02-25T16:15:46","modified_gmt":"2025-02-25T16:15:46","slug":"gandia-recibe-al-alumnado-de-fp-en-practicas-de-laval-para-trabajar-en-comercios-de-la-ciudad","status":"publish","type":"post","link":"https:\/\/infogandia.es\/index.php\/2025\/02\/25\/gandia-recibe-al-alumnado-de-fp-en-practicas-de-laval-para-trabajar-en-comercios-de-la-ciudad\/","title":{"rendered":"Gandia recibe al alumnado de FP en pr\u00e1cticas de Laval para trabajar en comercios de la ciudad"},"content":{"rendered":"\n<ul class=\"wp-block-list\">\n<li><strong>Los alumnos realizar\u00e1n sus pr\u00e1cticas del 24 de febrero al 14 de marzo en Dimendi, Confecciones Mil\u00e1n y Moll Motor<\/strong><\/li>\n<\/ul>\n\n\n\n<p>La concejala delegada de Hermanamientos, <strong>Liduvina Gil<\/strong>, recibi\u00f3 ayer en el <strong>Ayuntamiento de Gandia<\/strong> al alumnado de <strong>Formaci\u00f3n Profesional en pr\u00e1cticas de Laval (Francia)<\/strong>, que tendr\u00e1 la oportunidad de trabajar en empresas de la ciudad durante las pr\u00f3ximas semanas.<\/p>\n\n\n\n<p>En el acto de recepci\u00f3n, la concejala estuvo acompa\u00f1ada por <strong>Pottier Emeline y Dominique Menager<\/strong>, tutores de los estudiantes franceses, as\u00ed como por <strong>Bernardo Mendieta y Santiago Garc\u00eda<\/strong>, en representaci\u00f3n de las empresas que acoger\u00e1n a los alumnos del <strong>24 de febrero al 14 de marzo<\/strong>.<\/p>\n\n\n\n<p>Gil explic\u00f3 que este <strong>intercambio<\/strong> forma parte del programa de actividades del <strong>hermanamiento<\/strong> con la ciudad francesa y record\u00f3 que recientemente otra delegaci\u00f3n de estudiantes finaliz\u00f3 con \u00e9xito sus pr\u00e1cticas en hosteler\u00eda en diversos establecimientos de Gandia.<\/p>\n\n\n\n<p>En esta ocasi\u00f3n, <strong>tres estudiantes de las especialidades de comercio y administraci\u00f3n<\/strong> realizar\u00e1n sus pr\u00e1cticas en <strong>Dimendi, Confecciones Mil\u00e1n y Moll Motor<\/strong>. La edil agradeci\u00f3 a los empresarios su implicaci\u00f3n en este proyecto, destacando que <strong>&#8220;no solo permite que los alumnos mejoren el idioma y conozcan nuestra forma de trabajar en Gandia, sino que tambi\u00e9n ayuda a los comerciantes a aprender otras maneras de hacer las cosas\u201d<\/strong>.<\/p>\n\n\n\n<p>Por su parte, la profesora del centro educativo franc\u00e9s agradeci\u00f3 la acogida recibida por la nueva delegaci\u00f3n, subrayando que <strong>&#8220;para nosotros es muy importante participar en este programa, ya que los alumnos disfrutan de una experiencia enriquecedora tanto a nivel profesional como personal&#8221;<\/strong>.<\/p>\n\n\n\n<p>Los estudiantes <strong>Emma Lucas, Lana Manceau y L\u00e9o Demeude<\/strong> tambi\u00e9n expresaron su agradecimiento al <strong>Ayuntamiento<\/strong> y a las empresas por la c\u00e1lida bienvenida que han recibido.<\/p>\n\n\n\n<p>A su vez, los empresarios resaltaron la importancia de este tipo de iniciativas, ya que permiten conocer los m\u00e9todos y formas de trabajo aplicados en otros pa\u00edses europeos.<\/p>\n\n\n\n<p><strong>&#8220;Los j\u00f3venes que nos env\u00edan est\u00e1n muy motivados, nos ayudan, nos apoyan y nos aportan nuevas perspectivas&#8221;<\/strong>, afirm\u00f3 <strong>Bernardo Mendieta<\/strong>. <strong>Santiago Garc\u00eda<\/strong>, por su parte, destac\u00f3 <strong>la preparaci\u00f3n y buena disposici\u00f3n<\/strong> de los estudiantes.<\/p>\n","protected":false},"excerpt":{"rendered":"<p>La concejala delegada de Hermanamientos, Liduvina Gil, recibi\u00f3 ayer en el Ayuntamiento de Gandia al alumnado de Formaci\u00f3n Profesional en pr\u00e1cticas de Laval (Francia), que tendr\u00e1 la oportunidad de trabajar en empresas de la ciudad durante las pr\u00f3ximas semanas. En el acto de recepci\u00f3n, la concejala estuvo acompa\u00f1ada por Pottier Emeline y Dominique Menager, tutores&#8230;<\/p>\n","protected":false},"author":1,"featured_media":5697,"comment_status":"open","ping_status":"open","sticky":false,"template":"","format":"standard","meta":{"footnotes":""},"categories":[1,5],"tags":[],"class_list":["post-5696","post","type-post","status-publish","format-standard","has-post-thumbnail","hentry","category-actualidad","category-educacion"],"_links":{"self":[{"href":"https:\/\/infogandia.es\/index.php\/wp-json\/wp\/v2\/posts\/5696","targetHints":{"allow":["GET"]}}],"collection":[{"href":"https:\/\/infogandia.es\/index.php\/wp-json\/wp\/v2\/posts"}],"about":[{"href":"https:\/\/infogandia.es\/index.php\/wp-json\/wp\/v2\/types\/post"}],"author":[{"embeddable":true,"href":"https:\/\/infogandia.es\/index.php\/wp-json\/wp\/v2\/users\/1"}],"replies":[{"embeddable":true,"href":"https:\/\/infogandia.es\/index.php\/wp-json\/wp\/v2\/comments?post=5696"}],"version-history":[{"count":1,"href":"https:\/\/infogandia.es\/index.php\/wp-json\/wp\/v2\/posts\/5696\/revisions"}],"predecessor-version":[{"id":5698,"href":"https:\/\/infogandia.es\/index.php\/wp-json\/wp\/v2\/posts\/5696\/revisions\/5698"}],"wp:featuredmedia":[{"embeddable":true,"href":"https:\/\/infogandia.es\/index.php\/wp-json\/wp\/v2\/media\/5697"}],"wp:attachment":[{"href":"https:\/\/infogandia.es\/index.php\/wp-json\/wp\/v2\/media?parent=5696"}],"wp:term":[{"taxonomy":"category","embeddable":true,"href":"https:\/\/infogandia.es\/index.php\/wp-json\/wp\/v2\/categories?post=5696"},{"taxonomy":"post_tag","embeddable":true,"href":"https:\/\/infogandia.es\/index.php\/wp-json\/wp\/v2\/tags?post=5696"}],"curies":[{"name":"wp","href":"https:\/\/api.w.org\/{rel}","templated":true}]}}