{"id":5705,"date":"2025-02-25T16:26:18","date_gmt":"2025-02-25T16:26:18","guid":{"rendered":"https:\/\/infogandia.es\/?p=5705"},"modified":"2025-02-25T16:26:18","modified_gmt":"2025-02-25T16:26:18","slug":"gandia-celebra-una-nueva-edicion-del-3-de-march-para-reivindicar-la-figura-de-ausias-march","status":"publish","type":"post","link":"https:\/\/infogandia.es\/index.php\/2025\/02\/25\/gandia-celebra-una-nueva-edicion-del-3-de-march-para-reivindicar-la-figura-de-ausias-march\/","title":{"rendered":"Gandia celebra una nueva edici\u00f3n del 3 de March para reivindicar la figura de Ausi\u00e0s March"},"content":{"rendered":"\n<ul class=\"wp-block-list\">\n<li><strong>El evento literario contar\u00e1 con conferencias, lecturas po\u00e9ticas y rutas literarias del 28 de febrero al 3 de marzo.<\/strong><\/li>\n\n\n\n<li><strong>Balbina Sendra: \u201cSon muchas las instituciones implicadas que trabajan para convertir el 3 de March en una de las citas m\u00e1s relevantes del \u00e1mbito literario en nuestra ciudad\u201d.<\/strong><\/li>\n<\/ul>\n\n\n\n<p>El Ayuntamiento de Gandia, en colaboraci\u00f3n con <strong>Safor\u00edssims Societat Liter\u00e0ria<\/strong> y diversas instituciones, presenta una nueva edici\u00f3n del <strong>3 de March<\/strong>, una iniciativa literaria que se celebra cada a\u00f1o en torno al 3 de marzo, fecha de la muerte de <strong>Ausi\u00e0s March<\/strong>. La programaci\u00f3n de este a\u00f1o se desarrollar\u00e1 del <strong>28 de febrero al 3 de marzo<\/strong> e incluir\u00e1 <strong>conferencias, lecturas po\u00e9ticas y rutas literarias<\/strong>.<\/p>\n\n\n\n<p>En rueda de prensa, la concejala de Cultura, <strong>Balbina Sendra<\/strong>, ha destacado la importancia del <strong>3 de March<\/strong> como una de las citas literarias m\u00e1s relevantes de Gandia. <em>&#8220;Cada a\u00f1o mejora la programaci\u00f3n y aumenta el p\u00fablico de todas las edades interesado en esta iniciativa. Son muchas las instituciones implicadas que trabajan para convertir el 3 de March en una de las citas m\u00e1s importantes en el \u00e1mbito literario de nuestra ciudad\u201d<\/em>, ha declarado.<\/p>\n\n\n\n<p>Por su parte, el coordinador del proyecto, <strong>Joan Deusa<\/strong>, ha subrayado el objetivo de consolidar Gandia como <strong>epicentro de la celebraci\u00f3n del poeta valenciano m\u00e1s importante del siglo XV<\/strong>. <em>\u201cTenemos que agradecer el apoyo del Ayuntamiento. Ya estamos en la sexta edici\u00f3n y, como cada a\u00f1o, hemos preparado una programaci\u00f3n en la que participan muchas personas e instituciones\u201d<\/em>. Deusa tambi\u00e9n ha se\u00f1alado el valor simb\u00f3lico de la iniciativa: <em>\u201cHemos conseguido que Gandia lidere una fiesta dedicada a la \u00fanica fecha que conocemos de Ausi\u00e0s March: la de su muerte\u201d<\/em>.<\/p>\n\n\n\n<h3 class=\"wp-block-heading\"><strong>Programaci\u00f3n del 3 de March 2024<\/strong><\/h3>\n\n\n\n<p>\ud83d\udcc5 <strong>Viernes 28 de febrero<\/strong><br>\ud83d\udccd <strong>Casa de la Marquesa de Gandia<\/strong> \u2013 19:30 h<\/p>\n\n\n\n<ul class=\"wp-block-list\">\n<li>Conferencia: <em>\u2018Jordi de Sant Jordi: m\u2019\u00e9s for\u00e7at de viure sens mesura\u2019<\/em>, a cargo de <strong>Ferran Garcia-Oliver<\/strong>.<\/li>\n<\/ul>\n\n\n\n<p>\ud83d\udcc5 <strong>S\u00e1bado 1 de marzo<\/strong><br>\ud83d\udccd <strong>Carrer Major, 38 (Gandia)<\/strong> \u2013 11:00 h<\/p>\n\n\n\n<ul class=\"wp-block-list\">\n<li>Lectura abierta de poemas de <strong>Ausi\u00e0s March<\/strong>, en la que podr\u00e1 participar toda la ciudadan\u00eda.<\/li>\n<\/ul>\n\n\n\n<p>\ud83d\udccd <strong>Biblioteca Central de Gandia<\/strong><\/p>\n\n\n\n<ul class=\"wp-block-list\">\n<li>12:00 h: Presentaci\u00f3n del poemario <em>Cap part<\/em>, de <strong>Saha Pradkhan<\/strong>, ganadora del <strong>Premio Salvador Iborra<\/strong>, con la participaci\u00f3n de la autora y de <strong>Teresa Pascual<\/strong>, vicepresidenta de la <strong>AELC del Pa\u00eds Valenciano<\/strong>.<\/li>\n\n\n\n<li>13:00 h: Recital po\u00e9tico con la participaci\u00f3n de los finalistas del <strong>Premio Salvador Iborra<\/strong>.<\/li>\n<\/ul>\n\n\n\n<p>\ud83d\udccd <strong>Plaza Ausi\u00e0s March (Beniarj\u00f3)<\/strong> \u2013 16:00 h<\/p>\n\n\n\n<ul class=\"wp-block-list\">\n<li>Ruta literaria <em>\u2018Un paseo por el se\u00f1or\u00edo de Ausi\u00e0s March\u2019<\/em>, para descubrir la influencia del poeta en este municipio.<\/li>\n<\/ul>\n\n\n\n<p>\ud83d\udcc5 <strong>Domingo 2 de marzo<\/strong><br>\ud83d\udccd <strong>Ermita de Marxuquera \u2013 Monasterio de Sant Jeroni de Cotalba<\/strong> \u2013 10:00 h<\/p>\n\n\n\n<ul class=\"wp-block-list\">\n<li>Ruta literaria <em>\u2018Cam\u00ed de Cotalba\u2019<\/em>, un recorrido a pie con visita guiada.<\/li>\n<\/ul>\n\n\n\n<p>\ud83d\udcc5 <strong>Lunes 3 de marzo<\/strong><br>\ud83d\udccd <strong>Palau Ducal de Gandia<\/strong> \u2013 19:30 h<\/p>\n\n\n\n<ul class=\"wp-block-list\">\n<li>Acto de clausura: <em>\u2018Ausi\u00e0s March y Jordi de Sant Jordi, nuevas versiones y nuevas visiones\u2019<\/em>. Presentaci\u00f3n de los libros <em>Poesies escollides d\u2019Ausi\u00e0s March<\/em> y <em>Poesia de Jordi de Sant Jordi<\/em>, con la participaci\u00f3n de <strong>Joan Deusa, Carles Duarte, Oriol Magriny\u00e0 y Josep Piera<\/strong>.<\/li>\n<\/ul>\n\n\n\n<p>La organizaci\u00f3n invita a toda la ciudadan\u00eda a participar en esta <strong>gran celebraci\u00f3n cultural<\/strong> y a descubrir la riqueza literaria de <strong>Ausi\u00e0s March y el Siglo de Oro valenciano<\/strong>.<\/p>\n\n\n\n<p>\ud83d\udce9 Para m\u00e1s informaci\u00f3n e inscripciones en la ruta literaria: <strong><a href=\"mailto:saforissims@gmail.com\">saforissims@gmail.com<\/a><\/strong><\/p>\n","protected":false},"excerpt":{"rendered":"<p>El Ayuntamiento de Gandia, en colaboraci\u00f3n con Safor\u00edssims Societat Liter\u00e0ria y diversas instituciones, presenta una nueva edici\u00f3n del 3 de March, una iniciativa literaria que se celebra cada a\u00f1o en torno al 3 de marzo, fecha de la muerte de Ausi\u00e0s March. La programaci\u00f3n de este a\u00f1o se desarrollar\u00e1 del 28 de febrero al 3&#8230;<\/p>\n","protected":false},"author":1,"featured_media":5706,"comment_status":"open","ping_status":"open","sticky":false,"template":"","format":"standard","meta":{"footnotes":""},"categories":[1,27,57],"tags":[],"class_list":["post-5705","post","type-post","status-publish","format-standard","has-post-thumbnail","hentry","category-actualidad","category-sociedad","category-turismo"],"_links":{"self":[{"href":"https:\/\/infogandia.es\/index.php\/wp-json\/wp\/v2\/posts\/5705","targetHints":{"allow":["GET"]}}],"collection":[{"href":"https:\/\/infogandia.es\/index.php\/wp-json\/wp\/v2\/posts"}],"about":[{"href":"https:\/\/infogandia.es\/index.php\/wp-json\/wp\/v2\/types\/post"}],"author":[{"embeddable":true,"href":"https:\/\/infogandia.es\/index.php\/wp-json\/wp\/v2\/users\/1"}],"replies":[{"embeddable":true,"href":"https:\/\/infogandia.es\/index.php\/wp-json\/wp\/v2\/comments?post=5705"}],"version-history":[{"count":1,"href":"https:\/\/infogandia.es\/index.php\/wp-json\/wp\/v2\/posts\/5705\/revisions"}],"predecessor-version":[{"id":5707,"href":"https:\/\/infogandia.es\/index.php\/wp-json\/wp\/v2\/posts\/5705\/revisions\/5707"}],"wp:featuredmedia":[{"embeddable":true,"href":"https:\/\/infogandia.es\/index.php\/wp-json\/wp\/v2\/media\/5706"}],"wp:attachment":[{"href":"https:\/\/infogandia.es\/index.php\/wp-json\/wp\/v2\/media?parent=5705"}],"wp:term":[{"taxonomy":"category","embeddable":true,"href":"https:\/\/infogandia.es\/index.php\/wp-json\/wp\/v2\/categories?post=5705"},{"taxonomy":"post_tag","embeddable":true,"href":"https:\/\/infogandia.es\/index.php\/wp-json\/wp\/v2\/tags?post=5705"}],"curies":[{"name":"wp","href":"https:\/\/api.w.org\/{rel}","templated":true}]}}