{"id":5708,"date":"2025-02-25T16:27:36","date_gmt":"2025-02-25T16:27:36","guid":{"rendered":"https:\/\/infogandia.es\/?p=5708"},"modified":"2025-02-25T16:27:36","modified_gmt":"2025-02-25T16:27:36","slug":"las-obras-del-poligono-sanxo-llop-de-gandia-avanzan-a-buen-ritmo-hacia-la-rotonda-entre-la-vital-y-carrefour","status":"publish","type":"post","link":"https:\/\/infogandia.es\/index.php\/2025\/02\/25\/las-obras-del-poligono-sanxo-llop-de-gandia-avanzan-a-buen-ritmo-hacia-la-rotonda-entre-la-vital-y-carrefour\/","title":{"rendered":"Las obras del pol\u00edgono Sanxo Llop de Gandia avanzan a buen ritmo hacia la rotonda entre La Vital y Carrefour"},"content":{"rendered":"\n<p>\ud83d\udcc5 <strong>Los trabajos de conexi\u00f3n de servicios subterr\u00e1neos se prolongar\u00e1n hasta el 15 de abril.<\/strong><br>\ud83d\udea7 <strong>Durante las obras, se producir\u00e1n cortes en algunos accesos a la N-337 y la CV-671.<\/strong><\/p>\n\n\n\n<p>La coordinadora general de Urbanismo, <strong>Maite Alonso<\/strong>, ha informado que a partir de hoy y hasta el <strong>15 de abril<\/strong> se llevar\u00e1n a cabo las <strong>obras de conexi\u00f3n de todos los servicios subterr\u00e1neos<\/strong> entre la ciudad y el <strong>pol\u00edgono Sanxo Llop<\/strong>.<\/p>\n\n\n\n<p>Seg\u00fan ha explicado Alonso, los trabajos se centrar\u00e1n en la rotonda situada en la intersecci\u00f3n entre la <strong>Avenida Blasco Ib\u00e1\u00f1ez<\/strong> y la de <strong>La Vital<\/strong>, donde se realizar\u00e1n conexiones de <strong>pluviales, alcantarillado, agua potable, alumbrado p\u00fablico, telefon\u00eda y suministro el\u00e9ctrico<\/strong>, garantizando el servicio a todo el pol\u00edgono.<\/p>\n\n\n\n<p><em>&#8220;Con esta actuaci\u00f3n tambi\u00e9n se aprovechar\u00e1 para ampliar la rotonda actual, lo que permitir\u00e1 aumentar su capacidad y mejorar la fluidez del tr\u00e1fico&#8221;<\/em>, ha destacado la coordinadora.<\/p>\n\n\n\n<h3 class=\"wp-block-heading\"><strong>Afectaciones al tr\u00e1fico<\/strong><\/h3>\n\n\n\n<p>Debido a estas obras, <strong>durante casi dos meses<\/strong> estar\u00e1n <strong>cortados los accesos en el ramal sureste<\/strong> hacia la <strong>N-337<\/strong> (carretera de acceso sur al puerto) y la <strong>CV-671<\/strong> (rotonda de Daim\u00fas).<\/p>\n\n\n\n<p>Sin embargo, <strong>se mantendr\u00e1 el tr\u00e1fico en ambos sentidos<\/strong> desde la carretera de <strong>La Vital<\/strong> hacia la <strong>Avenida Blasco Ib\u00e1\u00f1ez (Carrefour)<\/strong> mientras duren los trabajos.<\/p>\n\n\n\n<figure class=\"wp-block-image size-full\"><img fetchpriority=\"high\" decoding=\"async\" width=\"718\" height=\"795\" src=\"http:\/\/infogandia.es\/wp-content\/uploads\/2025\/02\/Desviament.png\" alt=\"\" class=\"wp-image-5710\" srcset=\"https:\/\/infogandia.es\/wp-content\/uploads\/2025\/02\/Desviament.png 718w, https:\/\/infogandia.es\/wp-content\/uploads\/2025\/02\/Desviament-271x300.png 271w\" sizes=\"(max-width: 718px) 100vw, 718px\" \/><\/figure>\n","protected":false},"excerpt":{"rendered":"<p>\ud83d\udcc5 Los trabajos de conexi\u00f3n de servicios subterr\u00e1neos se prolongar\u00e1n hasta el 15 de abril.\ud83d\udea7 Durante las obras, se producir\u00e1n cortes en algunos accesos a la N-337 y la CV-671. La coordinadora general de Urbanismo, Maite Alonso, ha informado que a partir de hoy y hasta el 15 de abril se llevar\u00e1n a cabo las&#8230;<\/p>\n","protected":false},"author":1,"featured_media":5709,"comment_status":"open","ping_status":"open","sticky":false,"template":"","format":"standard","meta":{"footnotes":""},"categories":[1,27],"tags":[],"class_list":["post-5708","post","type-post","status-publish","format-standard","has-post-thumbnail","hentry","category-actualidad","category-sociedad"],"_links":{"self":[{"href":"https:\/\/infogandia.es\/index.php\/wp-json\/wp\/v2\/posts\/5708","targetHints":{"allow":["GET"]}}],"collection":[{"href":"https:\/\/infogandia.es\/index.php\/wp-json\/wp\/v2\/posts"}],"about":[{"href":"https:\/\/infogandia.es\/index.php\/wp-json\/wp\/v2\/types\/post"}],"author":[{"embeddable":true,"href":"https:\/\/infogandia.es\/index.php\/wp-json\/wp\/v2\/users\/1"}],"replies":[{"embeddable":true,"href":"https:\/\/infogandia.es\/index.php\/wp-json\/wp\/v2\/comments?post=5708"}],"version-history":[{"count":1,"href":"https:\/\/infogandia.es\/index.php\/wp-json\/wp\/v2\/posts\/5708\/revisions"}],"predecessor-version":[{"id":5711,"href":"https:\/\/infogandia.es\/index.php\/wp-json\/wp\/v2\/posts\/5708\/revisions\/5711"}],"wp:featuredmedia":[{"embeddable":true,"href":"https:\/\/infogandia.es\/index.php\/wp-json\/wp\/v2\/media\/5709"}],"wp:attachment":[{"href":"https:\/\/infogandia.es\/index.php\/wp-json\/wp\/v2\/media?parent=5708"}],"wp:term":[{"taxonomy":"category","embeddable":true,"href":"https:\/\/infogandia.es\/index.php\/wp-json\/wp\/v2\/categories?post=5708"},{"taxonomy":"post_tag","embeddable":true,"href":"https:\/\/infogandia.es\/index.php\/wp-json\/wp\/v2\/tags?post=5708"}],"curies":[{"name":"wp","href":"https:\/\/api.w.org\/{rel}","templated":true}]}}