{"id":5712,"date":"2025-02-26T09:40:08","date_gmt":"2025-02-26T09:40:08","guid":{"rendered":"https:\/\/infogandia.es\/?p=5712"},"modified":"2025-02-26T09:40:08","modified_gmt":"2025-02-26T09:40:08","slug":"la-diputacion-inicia-la-comision-de-estudio-de-la-dana-para-ser-mas-eficientes-ante-situaciones-similares","status":"publish","type":"post","link":"https:\/\/infogandia.es\/index.php\/2025\/02\/26\/la-diputacion-inicia-la-comision-de-estudio-de-la-dana-para-ser-mas-eficientes-ante-situaciones-similares\/","title":{"rendered":"La Diputaci\u00f3n inicia la comisi\u00f3n de estudio de la DANA &#8220;para ser m\u00e1s eficientes ante situaciones similares&#8221;"},"content":{"rendered":"\n<p>\ud83d\udccc <strong>La primera sesi\u00f3n se centra en la gesti\u00f3n comunicativa de la emergencia del 29 de octubre.<\/strong><br>\ud83d\udccc <strong>El objetivo es elaborar un manual de buenas pr\u00e1cticas para futuras crisis.<\/strong><\/p>\n\n\n\n<p>La <strong>Diputaci\u00f3n de Valencia<\/strong> ha celebrado este martes la <strong>primera sesi\u00f3n de la Comisi\u00f3n no permanente de estudio<\/strong> sobre la gesti\u00f3n de la emergencia durante la riada del <strong>29 de octubre<\/strong> y la recuperaci\u00f3n de las comarcas afectadas. En este primer encuentro, se ha analizado la <strong>gesti\u00f3n informativa<\/strong> del ente provincial en los d\u00edas posteriores a la tragedia.<\/p>\n\n\n\n<p>El presidente de la Diputaci\u00f3n, <strong>Vicent Momp\u00f3<\/strong>, ha destacado que desde el <strong>&#8220;minuto cero&#8221;<\/strong> la instituci\u00f3n ha estado <strong>al lado de los municipios afectados<\/strong>, coordinando reuniones diarias con los alcaldes, ofreciendo informaci\u00f3n sobre el estado de las carreteras y canalizando las demandas de los pueblos hacia el <strong>Centro de Coordinaci\u00f3n Operativa Integrada (CECOPI)<\/strong>.<\/p>\n\n\n\n<p>Sin embargo, Momp\u00f3 ha reconocido que <strong>&#8220;se han hecho cosas bien y otras que no tanto&#8221;<\/strong>, y por ello se ha puesto en marcha esta comisi\u00f3n con un objetivo claro:<br><em>&#8220;No es un ejercicio de revisi\u00f3n est\u00e9ril, sino una implicaci\u00f3n firme en el aprendizaje y la mejora continua&#8221;<\/em>, ha asegurado.<\/p>\n\n\n\n<p>El presidente ha subrayado que la <strong>transparencia y la colaboraci\u00f3n<\/strong> ser\u00e1n los pilares de este grupo de trabajo, que busca convertir la experiencia vivida en <strong>una herramienta \u00fatil para futuras emergencias<\/strong>.<\/p>\n\n\n\n<h3 class=\"wp-block-heading\"><strong>Pr\u00f3ximas sesiones y objetivos<\/strong><\/h3>\n\n\n\n<p>La comisi\u00f3n se reunir\u00e1 nuevamente el <strong>martes pr\u00f3ximo<\/strong>, cuando comparecer\u00e1 el <strong>inspector jefe del Cuerpo Provincial de Bomberos de Valencia, Jos\u00e9 Miguel Basset<\/strong>, quien lider\u00f3 la emergencia el <strong>29 de octubre<\/strong>.<\/p>\n\n\n\n<p>En total, la comisi\u00f3n desarrollar\u00e1 <strong>seis sesiones<\/strong> en las que se abordar\u00e1n aspectos clave como la <strong>gesti\u00f3n del agua y los residuos, la asistencia a los municipios y los trabajos de reconstrucci\u00f3n<\/strong>, entre otros.<\/p>\n","protected":false},"excerpt":{"rendered":"<p>\ud83d\udccc La primera sesi\u00f3n se centra en la gesti\u00f3n comunicativa de la emergencia del 29 de octubre.\ud83d\udccc El objetivo es elaborar un manual de buenas pr\u00e1cticas para futuras crisis. La Diputaci\u00f3n de Valencia ha celebrado este martes la primera sesi\u00f3n de la Comisi\u00f3n no permanente de estudio sobre la gesti\u00f3n de la emergencia durante la&#8230;<\/p>\n","protected":false},"author":1,"featured_media":5713,"comment_status":"open","ping_status":"open","sticky":false,"template":"","format":"standard","meta":{"footnotes":""},"categories":[1,27],"tags":[],"class_list":["post-5712","post","type-post","status-publish","format-standard","has-post-thumbnail","hentry","category-actualidad","category-sociedad"],"_links":{"self":[{"href":"https:\/\/infogandia.es\/index.php\/wp-json\/wp\/v2\/posts\/5712","targetHints":{"allow":["GET"]}}],"collection":[{"href":"https:\/\/infogandia.es\/index.php\/wp-json\/wp\/v2\/posts"}],"about":[{"href":"https:\/\/infogandia.es\/index.php\/wp-json\/wp\/v2\/types\/post"}],"author":[{"embeddable":true,"href":"https:\/\/infogandia.es\/index.php\/wp-json\/wp\/v2\/users\/1"}],"replies":[{"embeddable":true,"href":"https:\/\/infogandia.es\/index.php\/wp-json\/wp\/v2\/comments?post=5712"}],"version-history":[{"count":1,"href":"https:\/\/infogandia.es\/index.php\/wp-json\/wp\/v2\/posts\/5712\/revisions"}],"predecessor-version":[{"id":5714,"href":"https:\/\/infogandia.es\/index.php\/wp-json\/wp\/v2\/posts\/5712\/revisions\/5714"}],"wp:featuredmedia":[{"embeddable":true,"href":"https:\/\/infogandia.es\/index.php\/wp-json\/wp\/v2\/media\/5713"}],"wp:attachment":[{"href":"https:\/\/infogandia.es\/index.php\/wp-json\/wp\/v2\/media?parent=5712"}],"wp:term":[{"taxonomy":"category","embeddable":true,"href":"https:\/\/infogandia.es\/index.php\/wp-json\/wp\/v2\/categories?post=5712"},{"taxonomy":"post_tag","embeddable":true,"href":"https:\/\/infogandia.es\/index.php\/wp-json\/wp\/v2\/tags?post=5712"}],"curies":[{"name":"wp","href":"https:\/\/api.w.org\/{rel}","templated":true}]}}