{"id":5763,"date":"2025-03-04T15:52:10","date_gmt":"2025-03-04T15:52:10","guid":{"rendered":"https:\/\/infogandia.es\/?p=5763"},"modified":"2025-03-04T15:52:23","modified_gmt":"2025-03-04T15:52:23","slug":"arranca-la-v-edicion-de-los-premios-moll-motor-a-las-fallas-escolares-sobre-la-seguridad-vial","status":"publish","type":"post","link":"https:\/\/infogandia.es\/index.php\/2025\/03\/04\/arranca-la-v-edicion-de-los-premios-moll-motor-a-las-fallas-escolares-sobre-la-seguridad-vial\/","title":{"rendered":"Arranca la V edici\u00f3n de los Premios Moll Motor a las Fallas Escolares sobre la Seguridad Vial"},"content":{"rendered":"\n<p>El concejal delegado de Fallas, Adri\u00e1n Vila; el presidente de la Federaci\u00f3n de Fallas de Gand\u00eda, Francisco Mart\u00ednez, y la responsable de Relaciones Institucionales de Moll Motor, Virginia Pons, han presentado hoy la V edici\u00f3n de los Premios Moll Motor a las Fallas Escolares sobre la Seguridad Vial.<\/p>\n\n\n\n<p>Este a\u00f1o, la tem\u00e1tica ser\u00e1 \u2018La seguridad en la conducci\u00f3n\u2019, y el concurso contar\u00e1 con tres premios a la mejor Falla Escolar, tres a la mejor Escena de Educaci\u00f3n Vial, uno al mejor Libreto Escolar y uno al ninot indultado. La entrega de galardones tendr\u00e1 lugar el pr\u00f3ximo 14 de marzo a partir de las 10:30 horas en la Plaza Mayor.<\/p>\n\n\n\n<p>En primer lugar, Vila ha disculpado la ausencia de las concejalas Lydia Morant y Esther Sapena, que no han podido participar en la rueda de prensa.<em> \u201cAmbas tienen un papel muy importante en esta iniciativa y han trabajado mucho en esta legislatura para convertir el concurso de las fallas escolares en la gran fiesta que es hoy\u201d.<\/em><\/p>\n\n\n\n<p>El edil ha querido agradecer la implicaci\u00f3n de Moll Motor con las fallas de Gand\u00eda como ejemplo de la colaboraci\u00f3n p\u00fablico-privada. <em>\u201cCelebramos la s\u00e9ptima edici\u00f3n de un acto que ya se ha consolidado como fijo en la programaci\u00f3n habitual y que este a\u00f1o aborda la educaci\u00f3n vial como eje central del concurso para ayudar a los m\u00e1s peque\u00f1os a moverse por la ciudad de una manera m\u00e1s segura\u201d.<\/em><\/p>\n\n\n\n<p>Por su parte, Pons ha destacado que este proyecto trata un aspecto fundamental como es la educaci\u00f3n vial desde la infancia y que este a\u00f1o cuenta como patrocinadores con las marcas Omoda y Jaecoo. <em>\u201cLas fallas escolares nos apasionan y este a\u00f1o tendremos un gran jurado para valorar el trabajo de los diferentes centros escolares\u201d.<\/em><\/p>\n\n\n\n<p>En cuanto a los premios, los tres primeros clasificados podr\u00e1n disfrutar de una visita al circuito Ricardo Tormo. Adem\u00e1s, ha destacado que el d\u00eda de la entrega de premios la directora de la DGT, Susana Est\u00e9vez, participar\u00e1 en el acto como muestra de apoyo a esta iniciativa.<\/p>\n\n\n\n<p>\u201cSon muchos los centros que han participado a lo largo de los a\u00f1os y el \u00e9xito de la iniciativa radica en que la mayor\u00eda de ellos repiten a\u00f1o tras a\u00f1o\u201d, ha afirmado Virginia Pons, quien ha finalizado su intervenci\u00f3n invitando a toda la ciudadan\u00eda a participar en este acto.<\/p>\n\n\n\n<p>Finalmente, Mart\u00ednez ha puesto en valor que este concurso ha conseguido que <em>\u201cla educaci\u00f3n vial sea un tema importante en los centros escolares y que muchos ni\u00f1os y ni\u00f1as de la ciudad tengan su primera experiencia trabajando en la construcci\u00f3n de una peque\u00f1a falla\u201d.<\/em><\/p>\n\n\n\n<p><strong>Declaraciones de las concejalas<\/strong><\/p>\n\n\n\n<p>Esther Sapena, concejala de Educaci\u00f3n: \u201cEste tipo de proyectos enriquecen la oferta que tienen nuestras escuelas, en este caso viene a complementar el trabajo que realizan en torno a la educaci\u00f3n vial. Del mismo modo, acercan al alumnado a nuestra cultura y nuestras tradiciones. Tambi\u00e9n ofrecen a muchos ni\u00f1os y ni\u00f1as, que no son falleros, la oportunidad de vivir la experiencia de lo que es sentirse parte de una comisi\u00f3n, ser artistas falleros, hacer el libreto o entender, por ejemplo, lo que es una cr\u00edtica\u201d.<\/p>\n\n\n\n<p>Lydia Morant, concejala de Seguridad, ha destacado que el hecho de que la directora de la DGT haya adquirido el compromiso de participar en el acto pone de manifiesto que \u201cestamos ante una iniciativa de \u00e9xito que, seguro, ser\u00e1 copiada por otras poblaciones\u201d.<em> \u201cEl Concurso de Fallas Escolares no solo aumenta la seguridad de los m\u00e1s peque\u00f1os de la casa a la hora de desplazarse por la ciudad, sino que tambi\u00e9n sirve para llegar a muchas familias, que, de esta manera, se implican en el proyecto\u201d.<\/em><\/p>\n\n\n\n<p><\/p>\n","protected":false},"excerpt":{"rendered":"<p>El concejal delegado de Fallas, Adri\u00e1n Vila; el presidente de la Federaci\u00f3n de Fallas de Gand\u00eda, Francisco Mart\u00ednez, y la responsable de Relaciones Institucionales de Moll Motor, Virginia Pons, han presentado hoy la V edici\u00f3n de los Premios Moll Motor a las Fallas Escolares sobre la Seguridad Vial. Este a\u00f1o, la tem\u00e1tica ser\u00e1 \u2018La seguridad&#8230;<\/p>\n","protected":false},"author":1,"featured_media":5764,"comment_status":"open","ping_status":"open","sticky":false,"template":"","format":"standard","meta":{"footnotes":""},"categories":[1,27],"tags":[],"class_list":["post-5763","post","type-post","status-publish","format-standard","has-post-thumbnail","hentry","category-actualidad","category-sociedad"],"_links":{"self":[{"href":"https:\/\/infogandia.es\/index.php\/wp-json\/wp\/v2\/posts\/5763","targetHints":{"allow":["GET"]}}],"collection":[{"href":"https:\/\/infogandia.es\/index.php\/wp-json\/wp\/v2\/posts"}],"about":[{"href":"https:\/\/infogandia.es\/index.php\/wp-json\/wp\/v2\/types\/post"}],"author":[{"embeddable":true,"href":"https:\/\/infogandia.es\/index.php\/wp-json\/wp\/v2\/users\/1"}],"replies":[{"embeddable":true,"href":"https:\/\/infogandia.es\/index.php\/wp-json\/wp\/v2\/comments?post=5763"}],"version-history":[{"count":1,"href":"https:\/\/infogandia.es\/index.php\/wp-json\/wp\/v2\/posts\/5763\/revisions"}],"predecessor-version":[{"id":5766,"href":"https:\/\/infogandia.es\/index.php\/wp-json\/wp\/v2\/posts\/5763\/revisions\/5766"}],"wp:featuredmedia":[{"embeddable":true,"href":"https:\/\/infogandia.es\/index.php\/wp-json\/wp\/v2\/media\/5764"}],"wp:attachment":[{"href":"https:\/\/infogandia.es\/index.php\/wp-json\/wp\/v2\/media?parent=5763"}],"wp:term":[{"taxonomy":"category","embeddable":true,"href":"https:\/\/infogandia.es\/index.php\/wp-json\/wp\/v2\/categories?post=5763"},{"taxonomy":"post_tag","embeddable":true,"href":"https:\/\/infogandia.es\/index.php\/wp-json\/wp\/v2\/tags?post=5763"}],"curies":[{"name":"wp","href":"https:\/\/api.w.org\/{rel}","templated":true}]}}