{"id":5771,"date":"2025-03-05T10:08:28","date_gmt":"2025-03-05T10:08:28","guid":{"rendered":"https:\/\/infogandia.es\/?p=5771"},"modified":"2025-03-05T10:08:28","modified_gmt":"2025-03-05T10:08:28","slug":"nueva-temporada-de-germandats-i-confrares-en-comarcal-television","status":"publish","type":"post","link":"https:\/\/infogandia.es\/index.php\/2025\/03\/05\/nueva-temporada-de-germandats-i-confrares-en-comarcal-television\/","title":{"rendered":"Nueva temporada de &#8220;Germandats i Confrares&#8221; en Comarcal Televisi\u00f3n"},"content":{"rendered":"\n<p>El programa de Semana Santa &#8220;Germandats i Confrares&#8221;, presentado y dirigido por Arantxa Frasquet, ha iniciado una nueva temporada en Comarcal Televisi\u00f3n. En este espacio se aborda el significado y la vivencia de la Semana Santa en las localidades de la comarca, explorando tanto su faceta religiosa como cultural y social.<\/p>\n\n\n\n<figure class=\"wp-block-embed is-type-video is-provider-youtube wp-block-embed-youtube wp-embed-aspect-16-9 wp-has-aspect-ratio\"><div class=\"wp-block-embed__wrapper\">\n<iframe title=\"GERMANDATS I CONFRARES | Donem inici a la Setmana Santa (04-03-2025)\" width=\"640\" height=\"360\" src=\"https:\/\/www.youtube.com\/embed\/FDLOhGFW7yk?feature=oembed\" frameborder=\"0\" allow=\"accelerometer; autoplay; clipboard-write; encrypted-media; gyroscope; picture-in-picture; web-share\" referrerpolicy=\"strict-origin-when-cross-origin\" allowfullscreen><\/iframe>\n<\/div><\/figure>\n\n\n\n<p>En el primer programa de la temporada, se reflexion\u00f3 sobre la importancia de vivir la Semana Santa en su esencia, destacando que no se trata solo de una celebraci\u00f3n, sino de un tiempo de profunda conexi\u00f3n con la fe cristiana. Uno de los temas abordados fue el turismo religioso y su impacto econ\u00f3mico en la regi\u00f3n. Se destac\u00f3 que la Semana Santa no solo tiene un valor espiritual, sino tambi\u00e9n una importancia cultural y tur\u00edstica que contribuye al desarrollo econ\u00f3mico de las localidades a trav\u00e9s de la hosteler\u00eda y el comercio.<\/p>\n\n\n\n<p>Asimismo, se profundiz\u00f3 en el simbolismo lit\u00fargico de los colores de la Semana Santa, explicando el significado del morado como color penitencial, del rojo en el Domingo de Ramos y del blanco en la Vigilia Pascual y el Domingo de Resurrecci\u00f3n.<\/p>\n\n\n\n<p>En cuanto a las tradiciones locales, se resalt\u00f3 la relevancia de actos como el Via Crucis en Benimodo y la participaci\u00f3n de las cofrad\u00edas en la organizaci\u00f3n de las procesiones. Se mencion\u00f3 la importancia de preservar la esencia de la Semana Santa en las peque\u00f1as localidades, evitando que estas se conviertan en &#8220;ciudades dormitorio&#8221; y asegurando la continuidad de sus tradiciones.<\/p>\n\n\n\n<p>Finalmente, se reflexion\u00f3 sobre la necesidad de encontrar un equilibrio entre la renovaci\u00f3n y la continuidad de las tradiciones, asegurando que la Semana Santa siga siendo una expresi\u00f3n v\u00edvida de la fe cristiana sin perder su esencia. Se destac\u00f3 que, al igual que en la liturgia donde se siguen ciclos que permiten una continuidad en la reflexi\u00f3n, en la Semana Santa es clave mantener una estructura que facilite la participaci\u00f3n y transmisi\u00f3n de la fe de generaci\u00f3n en generaci\u00f3n.<\/p>\n\n\n\n<p>Con esta nueva temporada, &#8220;Germandats i Confrares&#8221; promete seguir siendo un espacio de reflexi\u00f3n y difusi\u00f3n de la Semana Santa, acercando a los espectadores a las tradiciones y valores de esta celebraci\u00f3n tan arraigada en la cultura local.<\/p>\n","protected":false},"excerpt":{"rendered":"<p>El programa de Semana Santa &#8220;Germandats i Confrares&#8221;, presentado y dirigido por Arantxa Frasquet, ha iniciado una nueva temporada en Comarcal Televisi\u00f3n. En este espacio se aborda el significado y la vivencia de la Semana Santa en las localidades de la comarca, explorando tanto su faceta religiosa como cultural y social. En el primer programa&#8230;<\/p>\n","protected":false},"author":1,"featured_media":5772,"comment_status":"open","ping_status":"open","sticky":false,"template":"","format":"standard","meta":{"footnotes":""},"categories":[1,27,57],"tags":[],"class_list":["post-5771","post","type-post","status-publish","format-standard","has-post-thumbnail","hentry","category-actualidad","category-sociedad","category-turismo"],"_links":{"self":[{"href":"https:\/\/infogandia.es\/index.php\/wp-json\/wp\/v2\/posts\/5771","targetHints":{"allow":["GET"]}}],"collection":[{"href":"https:\/\/infogandia.es\/index.php\/wp-json\/wp\/v2\/posts"}],"about":[{"href":"https:\/\/infogandia.es\/index.php\/wp-json\/wp\/v2\/types\/post"}],"author":[{"embeddable":true,"href":"https:\/\/infogandia.es\/index.php\/wp-json\/wp\/v2\/users\/1"}],"replies":[{"embeddable":true,"href":"https:\/\/infogandia.es\/index.php\/wp-json\/wp\/v2\/comments?post=5771"}],"version-history":[{"count":1,"href":"https:\/\/infogandia.es\/index.php\/wp-json\/wp\/v2\/posts\/5771\/revisions"}],"predecessor-version":[{"id":5773,"href":"https:\/\/infogandia.es\/index.php\/wp-json\/wp\/v2\/posts\/5771\/revisions\/5773"}],"wp:featuredmedia":[{"embeddable":true,"href":"https:\/\/infogandia.es\/index.php\/wp-json\/wp\/v2\/media\/5772"}],"wp:attachment":[{"href":"https:\/\/infogandia.es\/index.php\/wp-json\/wp\/v2\/media?parent=5771"}],"wp:term":[{"taxonomy":"category","embeddable":true,"href":"https:\/\/infogandia.es\/index.php\/wp-json\/wp\/v2\/categories?post=5771"},{"taxonomy":"post_tag","embeddable":true,"href":"https:\/\/infogandia.es\/index.php\/wp-json\/wp\/v2\/tags?post=5771"}],"curies":[{"name":"wp","href":"https:\/\/api.w.org\/{rel}","templated":true}]}}