{"id":5777,"date":"2025-03-06T17:52:24","date_gmt":"2025-03-06T17:52:24","guid":{"rendered":"https:\/\/infogandia.es\/?p=5777"},"modified":"2025-03-06T17:52:24","modified_gmt":"2025-03-06T17:52:24","slug":"inicia-su-formacion-el-taller-docupacio-parcs-periurbans-de-gandia-barri-maritim-con-30-participantes","status":"publish","type":"post","link":"https:\/\/infogandia.es\/index.php\/2025\/03\/06\/inicia-su-formacion-el-taller-docupacio-parcs-periurbans-de-gandia-barri-maritim-con-30-participantes\/","title":{"rendered":"Inicia su formaci\u00f3n el Taller d\u2019Ocupaci\u00f3 \u2018Parcs Periurbans de Gandia: Barri Mar\u00edtim\u2019 con 30 participantes"},"content":{"rendered":"\n<p>El programa de empleo y formaci\u00f3n \u2018Parcs Periurbans de Gandia: Barri Mar\u00edtim\u2019 ha dado comienzo con la participaci\u00f3n de 30 personas en situaci\u00f3n de desempleo. La iniciativa, financiada con 824.292 euros por la Generalitat Valenciana a trav\u00e9s de LABORA, tambi\u00e9n cuenta con la colaboraci\u00f3n del Ayuntamiento de Gandia.<\/p>\n\n\n\n<p>El acto de bienvenida tuvo lugar en Urbalab y cont\u00f3 con la presencia del alcalde de Gandia, Jos\u00e9 Manuel Prieto, junto a la edil de Econom\u00eda, Empresa y Empleo, Elena Moncho; la regidora de Medio Ambiente, Al\u00edcia Izquierdo; y el concejal de Administraci\u00f3n, Gobierno Interior y Recursos Humanos, Adri\u00e1n Vila.<\/p>\n\n\n\n<p>Este taller de empleo combina formaci\u00f3n y trabajo pr\u00e1ctico con el objetivo de mejorar la empleabilidad de los participantes mediante la realizaci\u00f3n de obras y servicios de inter\u00e9s general. Los 30 alumnos, organizados en tres especialidades formativas, han sido contratados bajo la modalidad de formaci\u00f3n en alternancia, lo que les permitir\u00e1 adquirir experiencia laboral mientras ampl\u00edan su cualificaci\u00f3n profesional.<\/p>\n\n\n\n<p>Las actuaciones del programa incluyen la conservaci\u00f3n y mantenimiento de especies protegidas aut\u00f3ctonas, contribuyendo tanto a la mejora del paisaje como a la preservaci\u00f3n de la biodiversidad local. Asimismo, se llevar\u00e1n a cabo intervenciones para garantizar la accesibilidad en distintas zonas del barrio mar\u00edtimo, con la instalaci\u00f3n de rampas, senderos adaptados y \u00e1reas de descanso inclusivas.<\/p>\n\n\n\n<p>Este proyecto refuerza el compromiso de Gandia con el empleo y la sostenibilidad, ofreciendo oportunidades laborales a personas desempleadas mientras se promueve el cuidado del entorno natural y la accesibilidad para toda la ciudadan\u00eda.<\/p>\n","protected":false},"excerpt":{"rendered":"<p>El programa de empleo y formaci\u00f3n \u2018Parcs Periurbans de Gandia: Barri Mar\u00edtim\u2019 ha dado comienzo con la participaci\u00f3n de 30 personas en situaci\u00f3n de desempleo. La iniciativa, financiada con 824.292 euros por la Generalitat Valenciana a trav\u00e9s de LABORA, tambi\u00e9n cuenta con la colaboraci\u00f3n del Ayuntamiento de Gandia. El acto de bienvenida tuvo lugar en&#8230;<\/p>\n","protected":false},"author":1,"featured_media":5778,"comment_status":"open","ping_status":"open","sticky":false,"template":"","format":"standard","meta":{"footnotes":""},"categories":[1],"tags":[],"class_list":["post-5777","post","type-post","status-publish","format-standard","has-post-thumbnail","hentry","category-actualidad"],"_links":{"self":[{"href":"https:\/\/infogandia.es\/index.php\/wp-json\/wp\/v2\/posts\/5777","targetHints":{"allow":["GET"]}}],"collection":[{"href":"https:\/\/infogandia.es\/index.php\/wp-json\/wp\/v2\/posts"}],"about":[{"href":"https:\/\/infogandia.es\/index.php\/wp-json\/wp\/v2\/types\/post"}],"author":[{"embeddable":true,"href":"https:\/\/infogandia.es\/index.php\/wp-json\/wp\/v2\/users\/1"}],"replies":[{"embeddable":true,"href":"https:\/\/infogandia.es\/index.php\/wp-json\/wp\/v2\/comments?post=5777"}],"version-history":[{"count":1,"href":"https:\/\/infogandia.es\/index.php\/wp-json\/wp\/v2\/posts\/5777\/revisions"}],"predecessor-version":[{"id":5780,"href":"https:\/\/infogandia.es\/index.php\/wp-json\/wp\/v2\/posts\/5777\/revisions\/5780"}],"wp:featuredmedia":[{"embeddable":true,"href":"https:\/\/infogandia.es\/index.php\/wp-json\/wp\/v2\/media\/5778"}],"wp:attachment":[{"href":"https:\/\/infogandia.es\/index.php\/wp-json\/wp\/v2\/media?parent=5777"}],"wp:term":[{"taxonomy":"category","embeddable":true,"href":"https:\/\/infogandia.es\/index.php\/wp-json\/wp\/v2\/categories?post=5777"},{"taxonomy":"post_tag","embeddable":true,"href":"https:\/\/infogandia.es\/index.php\/wp-json\/wp\/v2\/tags?post=5777"}],"curies":[{"name":"wp","href":"https:\/\/api.w.org\/{rel}","templated":true}]}}