{"id":5783,"date":"2025-03-10T16:07:44","date_gmt":"2025-03-10T16:07:44","guid":{"rendered":"https:\/\/infogandia.es\/?p=5783"},"modified":"2025-03-10T16:14:48","modified_gmt":"2025-03-10T16:14:48","slug":"el-pp-celebra-la-alta-participacion-de-las-familias-en-la-encuesta-linguistica","status":"publish","type":"post","link":"https:\/\/infogandia.es\/index.php\/2025\/03\/10\/el-pp-celebra-la-alta-participacion-de-las-familias-en-la-encuesta-linguistica\/","title":{"rendered":"El PP Celebra la Alta Participaci\u00f3n de las Familias en la Encuesta Ling\u00fc\u00edstica"},"content":{"rendered":"\n<p>La concejala del Grupo Municipal Popular responsable de educaci\u00f3n, Mar Beltr\u00e1n, ha respondido a las declaraciones en rueda de prensa de la concejala de educaci\u00f3n, Esther Sapena, sobre el resultado de la consulta ling\u00fc\u00edstica.<\/p>\n\n\n\n<p>Beltr\u00e1n ha querido agradecer a las familias la alta participaci\u00f3n (59,57% en la comarca de la Safor), que califica como \u201cun \u00e9xito\u201d, porque <strong><em>\u201cesta cifra demuestra que las familias han valorado la opci\u00f3n de elegir en libertad que les ha dado esta encuesta.\u201d<\/em><\/strong><\/p>\n\n\n\n<p>Por otro lado, Beltr\u00e1n invita al gobierno socialista a <em><strong>\u201cno adjudicarse como un triunfo<\/strong><\/em>\u201d el resultado mayoritario que ha obtenido la educaci\u00f3n en valenciano en la ciudad de Gand\u00eda, con un porcentaje del 70,81%, ya que <strong><em>\u201cel valenciano es una lengua representativa de los gandianos, tal como se ha demostrado, sin necesidad de utilizar recursos p\u00fablicos para hacer campa\u00f1as como \u2018Ens\u00e9\u00f1ame la lengua\u2019. Adem\u00e1s, cuando Esther Sapena dice que confiaba en el \u2018buen criterio de los gandianos\u2019, lo \u00fanico que hacen es politizar una cuesti\u00f3n tan personal como la lengua\u201d<\/em><\/strong>, se pregunta Beltr\u00e1n.<\/p>\n\n\n\n<p>No obstante, Beltr\u00e1n lamenta que esto<strong><em> \u201cno sea una novedad\u201d<\/em><\/strong>, ya que \u201c<strong><em>el gobierno socialista contin\u00faa con las estrategias para imponer el valenciano de Ximo Puig, que no solo no han contribuido al aumento de su uso, sino que adem\u00e1s han recibido diferentes sentencias judiciales en contra.\u201d<\/em><\/strong><\/p>\n\n\n\n<p>En relaci\u00f3n con este tema, Beltr\u00e1n invita a la izquierda a reflexionar sobre esta cuesti\u00f3n, reiterando que el uso del valenciano <strong><em>\u201ces una parte fundamental que nos define como ciudad, y as\u00ed lo han demostrado las familias en esta encuesta\u201d,<\/em><\/strong> lo cual utiliza como argumento base para defender \u201clas pr\u00e1cticas democr\u00e1ticas y consultivas a la ciudadan\u00eda en lugar de las pol\u00edticas de imposici\u00f3n.\u201d Porque, a\u00f1ade, <strong><em>\u201cno tiene sentido que el gobierno defienda preguntar a los padres sobre la jornada completa o partida, pero le parezca que consultar la lengua vehicular es, como dice Sapena, \u2018una falta de respeto\u2019.\u201d<\/em><\/strong><\/p>\n\n\n\n<p>Beltr\u00e1n concluye su reflexi\u00f3n afirmando que<strong><em> \u201cpreguntar a los ciudadanos no cambia ni sus ra\u00edces, ni su cultura, ni su lengua, y esto es algo que invitamos a la izquierda a entender de una vez por todas. Con esta encuesta ganamos todos, gana la libertad de elecci\u00f3n sin imposiciones sectarias.\u201d<\/em><\/strong><\/p>\n","protected":false},"excerpt":{"rendered":"<p>La concejala del Grupo Municipal Popular responsable de educaci\u00f3n, Mar Beltr\u00e1n, ha respondido a las declaraciones en rueda de prensa de la concejala de educaci\u00f3n, Esther Sapena, sobre el resultado de la consulta ling\u00fc\u00edstica. Beltr\u00e1n ha querido agradecer a las familias la alta participaci\u00f3n (59,57% en la comarca de la Safor), que califica como \u201cun&#8230;<\/p>\n","protected":false},"author":1,"featured_media":5784,"comment_status":"open","ping_status":"open","sticky":false,"template":"","format":"standard","meta":{"footnotes":""},"categories":[1,3,27],"tags":[],"class_list":["post-5783","post","type-post","status-publish","format-standard","has-post-thumbnail","hentry","category-actualidad","category-politica","category-sociedad"],"_links":{"self":[{"href":"https:\/\/infogandia.es\/index.php\/wp-json\/wp\/v2\/posts\/5783","targetHints":{"allow":["GET"]}}],"collection":[{"href":"https:\/\/infogandia.es\/index.php\/wp-json\/wp\/v2\/posts"}],"about":[{"href":"https:\/\/infogandia.es\/index.php\/wp-json\/wp\/v2\/types\/post"}],"author":[{"embeddable":true,"href":"https:\/\/infogandia.es\/index.php\/wp-json\/wp\/v2\/users\/1"}],"replies":[{"embeddable":true,"href":"https:\/\/infogandia.es\/index.php\/wp-json\/wp\/v2\/comments?post=5783"}],"version-history":[{"count":1,"href":"https:\/\/infogandia.es\/index.php\/wp-json\/wp\/v2\/posts\/5783\/revisions"}],"predecessor-version":[{"id":5785,"href":"https:\/\/infogandia.es\/index.php\/wp-json\/wp\/v2\/posts\/5783\/revisions\/5785"}],"wp:featuredmedia":[{"embeddable":true,"href":"https:\/\/infogandia.es\/index.php\/wp-json\/wp\/v2\/media\/5784"}],"wp:attachment":[{"href":"https:\/\/infogandia.es\/index.php\/wp-json\/wp\/v2\/media?parent=5783"}],"wp:term":[{"taxonomy":"category","embeddable":true,"href":"https:\/\/infogandia.es\/index.php\/wp-json\/wp\/v2\/categories?post=5783"},{"taxonomy":"post_tag","embeddable":true,"href":"https:\/\/infogandia.es\/index.php\/wp-json\/wp\/v2\/tags?post=5783"}],"curies":[{"name":"wp","href":"https:\/\/api.w.org\/{rel}","templated":true}]}}