{"id":5789,"date":"2025-03-11T08:12:00","date_gmt":"2025-03-11T08:12:00","guid":{"rendered":"https:\/\/infogandia.es\/?p=5789"},"modified":"2025-03-11T08:12:18","modified_gmt":"2025-03-11T08:12:18","slug":"zevra-festival-2025-desvela-su-cartel-por-dias-con-las-incorporaciones-de-duki-arcangel-y-justin-quiles","status":"publish","type":"post","link":"https:\/\/infogandia.es\/index.php\/2025\/03\/11\/zevra-festival-2025-desvela-su-cartel-por-dias-con-las-incorporaciones-de-duki-arcangel-y-justin-quiles\/","title":{"rendered":"Zevra Festival 2025 desvela su cartel por d\u00edas con las incorporaciones de Duki, Arc\u00e1ngel y Justin Quiles"},"content":{"rendered":"\n<p>\ud83d\udcc5 <strong>El festival se celebrar\u00e1 del 18 al 21 de julio en la Playa de Cullera y espera reunir a 150.000 asistentes<\/strong><\/p>\n\n\n\n<p>El <strong>Zevra Festival<\/strong> ha cerrado su cartel definitivo para su cuarta edici\u00f3n, que tendr\u00e1 lugar del <strong>18 al 21 de julio en Cullera<\/strong>. Adem\u00e1s, ha revelado su programaci\u00f3n por d\u00edas tras anunciar en el \u00faltimo momento a tres grandes nombres de la m\u00fasica urbana: <strong>Duki, Arc\u00e1ngel y Justin Quiles<\/strong>.<\/p>\n\n\n\n<p>El festival valenciano <strong>aspira a congregar a 150.000 personas<\/strong> en tres d\u00edas de conciertos repartidos en <strong>siete escenarios<\/strong>, consolid\u00e1ndose como una de las citas musicales m\u00e1s importantes del verano en Espa\u00f1a.<\/p>\n\n\n\n<p>Zevra 2025 ofrecer\u00e1 una programaci\u00f3n variada que abarca <strong>reggaet\u00f3n, pop, trap, hip-hop, m\u00fasica electr\u00f3nica e indie<\/strong>. Los cabezas de cartel incluyen a <strong>Estopa<\/strong>, con su \u00fanica fecha en la Comunidad Valenciana en 2025, el artista internacional <strong>Jason Derulo<\/strong> y la superestrella latina <strong>Jhayco<\/strong>. Tambi\u00e9n destacan nombres como <strong>Dei V, Omar Courtz, Alleh &amp; Yorghaki<\/strong>, y las nuevas incorporaciones <strong>Duki, Arc\u00e1ngel y Justin Quiles<\/strong>.<\/p>\n\n\n\n<h3 class=\"wp-block-heading\">\ud83d\udd25 <strong>Duki, el l\u00edder del trap latino<\/strong><\/h3>\n\n\n\n<p>Desde las batallas de freestyle en Argentina hasta convertirse en un fen\u00f3meno mundial, <strong>Duki<\/strong> ha redefinido el panorama urbano con temas como <em>Goteo<\/em>, <em>Te Sent\u00eds Sola<\/em> y <em>Rockstar 2.0<\/em>. Su evoluci\u00f3n musical ha sido imparable, pasando del trap a la fusi\u00f3n con el reggaet\u00f3n y la electr\u00f3nica.<\/p>\n\n\n\n<h3 class=\"wp-block-heading\">\ud83c\udfb6 <strong>Arc\u00e1ngel, leyenda del reggaet\u00f3n<\/strong><\/h3>\n\n\n\n<p>Con una trayectoria que abarca m\u00e1s de dos d\u00e9cadas, <strong>Arc\u00e1ngel<\/strong> es uno de los pilares del g\u00e9nero urbano. Desde sus inicios con De La Ghetto hasta su \u00e9xito en solitario con hits como <em>Me prefieres a m\u00ed<\/em> y <em>50 Sombras de Austin<\/em>, su m\u00fasica sigue marcando tendencia.<\/p>\n\n\n\n<h3 class=\"wp-block-heading\">\ud83d\udd1d <strong>Justin Quiles, el creador de \u00e9xitos<\/strong><\/h3>\n\n\n\n<p>El cantante y compositor <strong>Justin Quiles<\/strong> ha dejado su huella tanto con su propia m\u00fasica como con temas que ha escrito para J Balvin, Karol G y Anitta. Con hits como <em>Loco<\/em>, <em>PAM<\/em> y <em>Jeans<\/em>, es una de las figuras m\u00e1s influyentes del reggaet\u00f3n actual.<\/p>\n\n\n\n<h2 class=\"wp-block-heading\">\ud83c\udf9f\ufe0f <strong>Entradas y detalles del festival<\/strong><\/h2>\n\n\n\n<p>Los <strong>abonos<\/strong> ya est\u00e1n a la venta en <strong><a href=\"http:\/\/www.zevrafestival.com\">www.zevrafestival.com<\/a><\/strong> por <strong>menos de 90\u20ac<\/strong> para disfrutar de tres d\u00edas de m\u00fasica en un entorno inigualable.<\/p>\n\n\n\n<p>\ud83d\udccd <strong>ZEVRA FESTIVAL 2025<\/strong><br>\ud83d\udccd <strong>D\u00f3nde:<\/strong> Playa de Cullera (Valencia)<br>\ud83d\udccd <strong>Cu\u00e1ndo:<\/strong> 18, 19, 20 y 21 de julio de 2025<br>\ud83d\udccd <strong>Estilos:<\/strong> Reggaet\u00f3n, pop, trap, hip-hop, indie, pop-rock y electr\u00f3nica<\/p>\n\n\n\n<p>\u00a1El verano 2025 promete ser inolvidable en Cullera con Zevra Festival! \ud83c\udf0a\ud83c\udfb6<\/p>\n\n\n\n<figure class=\"wp-block-image size-large\"><img fetchpriority=\"high\" decoding=\"async\" width=\"1024\" height=\"599\" src=\"http:\/\/infogandia.es\/wp-content\/uploads\/2025\/03\/duki_arcangel_justin-1024x599.jpg\" alt=\"\" class=\"wp-image-5790\" srcset=\"https:\/\/infogandia.es\/wp-content\/uploads\/2025\/03\/duki_arcangel_justin-1024x599.jpg 1024w, https:\/\/infogandia.es\/wp-content\/uploads\/2025\/03\/duki_arcangel_justin-300x176.jpg 300w, https:\/\/infogandia.es\/wp-content\/uploads\/2025\/03\/duki_arcangel_justin-768x449.jpg 768w, https:\/\/infogandia.es\/wp-content\/uploads\/2025\/03\/duki_arcangel_justin-1536x899.jpg 1536w, https:\/\/infogandia.es\/wp-content\/uploads\/2025\/03\/duki_arcangel_justin.jpg 1709w\" sizes=\"(max-width: 1024px) 100vw, 1024px\" \/><\/figure>\n","protected":false},"excerpt":{"rendered":"<p>\ud83d\udcc5 El festival se celebrar\u00e1 del 18 al 21 de julio en la Playa de Cullera y espera reunir a 150.000 asistentes El Zevra Festival ha cerrado su cartel definitivo para su cuarta edici\u00f3n, que tendr\u00e1 lugar del 18 al 21 de julio en Cullera. Adem\u00e1s, ha revelado su programaci\u00f3n por d\u00edas tras anunciar en&#8230;<\/p>\n","protected":false},"author":1,"featured_media":5791,"comment_status":"open","ping_status":"open","sticky":false,"template":"","format":"standard","meta":{"footnotes":""},"categories":[1,57],"tags":[],"class_list":["post-5789","post","type-post","status-publish","format-standard","has-post-thumbnail","hentry","category-actualidad","category-turismo"],"_links":{"self":[{"href":"https:\/\/infogandia.es\/index.php\/wp-json\/wp\/v2\/posts\/5789","targetHints":{"allow":["GET"]}}],"collection":[{"href":"https:\/\/infogandia.es\/index.php\/wp-json\/wp\/v2\/posts"}],"about":[{"href":"https:\/\/infogandia.es\/index.php\/wp-json\/wp\/v2\/types\/post"}],"author":[{"embeddable":true,"href":"https:\/\/infogandia.es\/index.php\/wp-json\/wp\/v2\/users\/1"}],"replies":[{"embeddable":true,"href":"https:\/\/infogandia.es\/index.php\/wp-json\/wp\/v2\/comments?post=5789"}],"version-history":[{"count":2,"href":"https:\/\/infogandia.es\/index.php\/wp-json\/wp\/v2\/posts\/5789\/revisions"}],"predecessor-version":[{"id":5794,"href":"https:\/\/infogandia.es\/index.php\/wp-json\/wp\/v2\/posts\/5789\/revisions\/5794"}],"wp:featuredmedia":[{"embeddable":true,"href":"https:\/\/infogandia.es\/index.php\/wp-json\/wp\/v2\/media\/5791"}],"wp:attachment":[{"href":"https:\/\/infogandia.es\/index.php\/wp-json\/wp\/v2\/media?parent=5789"}],"wp:term":[{"taxonomy":"category","embeddable":true,"href":"https:\/\/infogandia.es\/index.php\/wp-json\/wp\/v2\/categories?post=5789"},{"taxonomy":"post_tag","embeddable":true,"href":"https:\/\/infogandia.es\/index.php\/wp-json\/wp\/v2\/tags?post=5789"}],"curies":[{"name":"wp","href":"https:\/\/api.w.org\/{rel}","templated":true}]}}