{"id":5799,"date":"2025-03-11T08:29:55","date_gmt":"2025-03-11T08:29:55","guid":{"rendered":"https:\/\/infogandia.es\/?p=5799"},"modified":"2025-03-11T08:29:55","modified_gmt":"2025-03-11T08:29:55","slug":"el-ambiente-fallero-se-siente-en-gandia-y-el-deporte-local-deja-un-fin-de-semana-intenso","status":"publish","type":"post","link":"https:\/\/infogandia.es\/index.php\/2025\/03\/11\/el-ambiente-fallero-se-siente-en-gandia-y-el-deporte-local-deja-un-fin-de-semana-intenso\/","title":{"rendered":"El ambiente fallero se siente en Gandia y el deporte local deja un fin de semana intenso"},"content":{"rendered":"\n<p>Gandia ya respira el ambiente fallero, y con \u00e9l, el <strong>Tertuli\u00f3n<\/strong> regresa a las masclet\u00e0s de las Fallas de Gandia. A partir del pr\u00f3ximo fin de semana, el programa se emitir\u00e1 diariamente desde un balc\u00f3n privilegiado en la Explanada de la Renfe, donde se relatar\u00e1 el d\u00eda a d\u00eda de estas fiestas y se recibir\u00e1 a quienes deseen acercarse.<\/p>\n\n\n\n<p>Pero antes de mirar al futuro, toca repasar un fin de semana cargado de emociones en el \u00e1mbito deportivo, donde las malas noticias han superado a las buenas.<\/p>\n\n\n\n<p>El CF Gandia no logr\u00f3 pasar del empate ante el colista de la clasificaci\u00f3n, dejando malas sensaciones en el campo. A ello se suma la lesi\u00f3n de <strong>Quique Llopis<\/strong>, quien, tras clasificarse brillantemente para la final de los <strong>60 metros vallas en el Campeonato de Europa<\/strong>, no pudo siquiera presentarse en la l\u00ednea de salida. En redes sociales, el atleta expres\u00f3 su frustraci\u00f3n, se\u00f1alando que vivir esta situaci\u00f3n es &#8220;uno de los peores sue\u00f1os de un deportista&#8221;.<\/p>\n\n\n\n<figure class=\"wp-block-video\"><video height=\"1080\" style=\"aspect-ratio: 1920 \/ 1080;\" width=\"1920\" controls src=\"https:\/\/infogandia.es\/wp-content\/uploads\/2025\/03\/EL-TERTULION-GANDIA-2025-03-10-YT-Lesion-de-Quique-Llopis.mp4\"><\/video><\/figure>\n\n\n\n<p>En contraste, el baloncesto ha sido la gran alegr\u00eda del fin de semana. El <strong>\u00danits Pel Basquet<\/strong>, dirigido por Alejandro Mesa, logr\u00f3 una victoria \u00e9pica tras tres pr\u00f3rrogas frente al Bisbal (100-104). Destac\u00f3 la actuaci\u00f3n estelar de <strong>David \u00d2rrit<\/strong>, quien anot\u00f3 <strong>34 puntos<\/strong> y fue clave en el triunfo.<\/p>\n\n\n\n<p>Mesa reconoci\u00f3 que el equipo sufri\u00f3 especialmente al inicio del tercer cuarto, cuando el Bisbal domin\u00f3 el rebote y complic\u00f3 el juego de los visitantes. Sin embargo, destac\u00f3 la fe y determinaci\u00f3n del equipo para mantenerse en la lucha, llegando a tener hasta tres oportunidades para ganar el partido antes de forzar la tercera pr\u00f3rroga, donde finalmente consiguieron la victoria.<\/p>\n\n\n\n<figure class=\"wp-block-video\"><video height=\"1080\" style=\"aspect-ratio: 1920 \/ 1080;\" width=\"1920\" controls src=\"https:\/\/infogandia.es\/wp-content\/uploads\/2025\/03\/clip-2-units-pel-basket.mp4\"><\/video><\/figure>\n\n\n\n<p>Otro tema candente es el futuro del <strong>CF Gandia<\/strong>. Este lunes se celebra la asamblea extraordinaria del club, donde podr\u00eda definirse su pr\u00f3ximo presidente. No hay candidatos confirmados, aunque suenan nombres como <strong>Domingo Pomar, Sergio Gonz\u00e1lez y Gabriel Carri\u00f3n<\/strong>. Lo que s\u00ed est\u00e1 claro es que los hermanos B\u00e0nuls, figuras clave en la gesti\u00f3n actual del club, no se postular\u00e1n.<\/p>\n\n\n\n<figure class=\"wp-block-video\"><video height=\"1080\" style=\"aspect-ratio: 1920 \/ 1080;\" width=\"1920\" controls src=\"https:\/\/infogandia.es\/wp-content\/uploads\/2025\/03\/EL-TERTULION-GANDIA-2025-03-10-YT-Hoy-es-la-asamblea-para-escoger-al-nuevo-presidente-del-CF-Gandia.mp4\"><\/video><\/figure>\n\n\n\n<p>En lo deportivo, el equipo sigue en una situaci\u00f3n delicada, con una permanencia en juego que preocupa a la afici\u00f3n. No obstante, se esperan refuerzos, como el fichaje casi confirmado de <strong>Pau Mascarell<\/strong>, un mediocampista con experiencia en la Liga Nacional Juvenil y Tercera Divisi\u00f3n.<\/p>\n\n\n\n<p>En la Tercera Divisi\u00f3n, el <strong>Ontinyent<\/strong> sufri\u00f3 una dura derrota ante el Villarreal B (3-0), un resultado inesperado y que dej\u00f3 sensaciones de frustraci\u00f3n en el equipo dirigido por Roberto Bas.<\/p>\n\n\n\n<p>Por otro lado, el partido entre el <strong>Espa\u00f1ol de San Vicente y el Atl\u00e9tico Saguntino<\/strong> estuvo marcado por la pol\u00e9mica. El encuentro, que acab\u00f3 con victoria local (3-2), estuvo empa\u00f1ado por supuestos insultos racistas contra el jugador Mauri Rivera. Desde el club de Sagunto han denunciado que los insultos provinieron desde el banquillo rival e incluso tuvo que intervenir la Guardia Civil. El entrenador del Saguntino, Carlos Orti, ha exigido una actuaci\u00f3n firme por parte de la Federaci\u00f3n.<\/p>\n\n\n\n<figure class=\"wp-block-video\"><video height=\"1080\" style=\"aspect-ratio: 1920 \/ 1080;\" width=\"1920\" controls src=\"https:\/\/infogandia.es\/wp-content\/uploads\/2025\/03\/EL-TERTULION-GANDIA-2025-03-10-YT-Acto-racista-en-el-partido-contra-el-Espanol-de-San-Vicente.mp4\"><\/video><\/figure>\n\n\n\n<p>Finalmente, la goleada de la jornada la protagoniz\u00f3 el <strong>La Nuc\u00eda<\/strong>, que derrot\u00f3 con contundencia al Rayo Ibense (4-0). El equipo domin\u00f3 desde el principio y destac\u00f3 la actuaci\u00f3n de <strong>Alex Garc\u00eda<\/strong>, quien abri\u00f3 el marcador y celebr\u00f3 el que fue el triunfo m\u00e1s abultado de la temporada.<\/p>\n","protected":false},"excerpt":{"rendered":"<p>Gandia ya respira el ambiente fallero, y con \u00e9l, el Tertuli\u00f3n regresa a las masclet\u00e0s de las Fallas de Gandia. A partir del pr\u00f3ximo fin de semana, el programa se emitir\u00e1 diariamente desde un balc\u00f3n privilegiado en la Explanada de la Renfe, donde se relatar\u00e1 el d\u00eda a d\u00eda de estas fiestas y se recibir\u00e1&#8230;<\/p>\n","protected":false},"author":1,"featured_media":5805,"comment_status":"open","ping_status":"open","sticky":false,"template":"","format":"standard","meta":{"footnotes":""},"categories":[1,4],"tags":[],"class_list":["post-5799","post","type-post","status-publish","format-standard","has-post-thumbnail","hentry","category-actualidad","category-deporte"],"_links":{"self":[{"href":"https:\/\/infogandia.es\/index.php\/wp-json\/wp\/v2\/posts\/5799","targetHints":{"allow":["GET"]}}],"collection":[{"href":"https:\/\/infogandia.es\/index.php\/wp-json\/wp\/v2\/posts"}],"about":[{"href":"https:\/\/infogandia.es\/index.php\/wp-json\/wp\/v2\/types\/post"}],"author":[{"embeddable":true,"href":"https:\/\/infogandia.es\/index.php\/wp-json\/wp\/v2\/users\/1"}],"replies":[{"embeddable":true,"href":"https:\/\/infogandia.es\/index.php\/wp-json\/wp\/v2\/comments?post=5799"}],"version-history":[{"count":1,"href":"https:\/\/infogandia.es\/index.php\/wp-json\/wp\/v2\/posts\/5799\/revisions"}],"predecessor-version":[{"id":5806,"href":"https:\/\/infogandia.es\/index.php\/wp-json\/wp\/v2\/posts\/5799\/revisions\/5806"}],"wp:featuredmedia":[{"embeddable":true,"href":"https:\/\/infogandia.es\/index.php\/wp-json\/wp\/v2\/media\/5805"}],"wp:attachment":[{"href":"https:\/\/infogandia.es\/index.php\/wp-json\/wp\/v2\/media?parent=5799"}],"wp:term":[{"taxonomy":"category","embeddable":true,"href":"https:\/\/infogandia.es\/index.php\/wp-json\/wp\/v2\/categories?post=5799"},{"taxonomy":"post_tag","embeddable":true,"href":"https:\/\/infogandia.es\/index.php\/wp-json\/wp\/v2\/tags?post=5799"}],"curies":[{"name":"wp","href":"https:\/\/api.w.org\/{rel}","templated":true}]}}