{"id":5821,"date":"2025-03-15T13:48:14","date_gmt":"2025-03-15T13:48:14","guid":{"rendered":"https:\/\/infogandia.es\/?p=5821"},"modified":"2025-03-15T13:48:16","modified_gmt":"2025-03-15T13:48:16","slug":"mompo-destaca-el-caracter-inclusivo-de-las-fallas-en-la-celebracion-de-la-fundacion-espurna-de-gandia","status":"publish","type":"post","link":"https:\/\/infogandia.es\/index.php\/2025\/03\/15\/mompo-destaca-el-caracter-inclusivo-de-las-fallas-en-la-celebracion-de-la-fundacion-espurna-de-gandia\/","title":{"rendered":"Momp\u00f3 destaca el car\u00e1cter inclusivo de las Fallas en la celebraci\u00f3n de la Fundaci\u00f3n Espurna de Gandia"},"content":{"rendered":"\n<p>El presidente de la Diputaci\u00f3 de Val\u00e8ncia, Vicent Momp\u00f3, ha participado este viernes en la celebraci\u00f3n fallera organizada por la Fundaci\u00f3n Espurna en Gandia. Durante el evento, se presentaron la corte, la madrina y las reinas de la fiesta, en una muestra del compromiso del colectivo con la inclusi\u00f3n y la participaci\u00f3n de todas las personas en las festividades.<\/p>\n\n\n\n<p>Acompa\u00f1ado por el alcalde de Gandia, Jos\u00e9 Manuel Prieto, la presidenta de Espurna, Charo Sabater, y miembros de la corporaci\u00f3n local, Momp\u00f3 agradeci\u00f3 el esfuerzo y la solidaridad de la Fundaci\u00f3n, destacando su labor en favor de una sociedad m\u00e1s justa e inclusiva. &#8220;El trabajo que realiz\u00e1is en Espurna es fundamental para que las Fallas sean una fiesta que suma y representa los valores del fallerismo que promovemos desde la Diputaci\u00f3n&#8221;, se\u00f1al\u00f3 el presidente provincial.<\/p>\n\n\n\n<p>La visita a Gandia se enmarca dentro del recorrido fallero de Momp\u00f3 por la provincia, que tambi\u00e9n ha incluido paradas en Carlet, Algemes\u00ed y Alzira. En este contexto, el presidente ha querido subrayar la importancia de la Fundaci\u00f3n Espurna como referente en la inclusi\u00f3n social de las personas con discapacidad intelectual. &#8220;Si hay un grupo humano que trabaja por una sociedad sin l\u00edmites ni diferencias, es Espurna. Su labor refleja el verdadero esp\u00edritu fallero: una fiesta que une, que es de todas y todos y que nos define como valencianos&#8221;, afirm\u00f3.<\/p>\n\n\n\n<figure class=\"wp-block-image size-large\"><img fetchpriority=\"high\" decoding=\"async\" width=\"1024\" height=\"665\" src=\"http:\/\/infogandia.es\/wp-content\/uploads\/2025\/03\/IMG-20250315-WA0010-1024x665.jpg\" alt=\"\" class=\"wp-image-5825\" srcset=\"https:\/\/infogandia.es\/wp-content\/uploads\/2025\/03\/IMG-20250315-WA0010-1024x665.jpg 1024w, https:\/\/infogandia.es\/wp-content\/uploads\/2025\/03\/IMG-20250315-WA0010-300x195.jpg 300w, https:\/\/infogandia.es\/wp-content\/uploads\/2025\/03\/IMG-20250315-WA0010-768x499.jpg 768w, https:\/\/infogandia.es\/wp-content\/uploads\/2025\/03\/IMG-20250315-WA0010-1536x997.jpg 1536w, https:\/\/infogandia.es\/wp-content\/uploads\/2025\/03\/IMG-20250315-WA0010.jpg 1600w\" sizes=\"(max-width: 1024px) 100vw, 1024px\" \/><\/figure>\n\n\n\n<p>Momp\u00f3 tambi\u00e9n record\u00f3 la colaboraci\u00f3n habitual entre la Fundaci\u00f3n Espurna y la Diputaci\u00f3n, poniendo como ejemplo la elaboraci\u00f3n de obsequios protocolarios como la Senyera de trencad\u00eds entregada a los Reyes en Fitur en agradecimiento por su apoyo tras la dana.<\/p>\n\n\n\n<p>La Fundaci\u00f3n Espurna, creada en 1996, tiene como misi\u00f3n la integraci\u00f3n socio-laboral de personas con discapacidad intelectual, promoviendo su inclusi\u00f3n social y desarrollo integral. Atiende a m\u00e1s de 300 personas, ofreci\u00e9ndoles formaci\u00f3n personalizada para mejorar su calidad de vida y favorecer su autonom\u00eda. Con esta celebraci\u00f3n fallera, la entidad reafirma su compromiso con una sociedad m\u00e1s equitativa e integradora.<\/p>\n","protected":false},"excerpt":{"rendered":"<p>El presidente de la Diputaci\u00f3 de Val\u00e8ncia, Vicent Momp\u00f3, ha participado este viernes en la celebraci\u00f3n fallera organizada por la Fundaci\u00f3n Espurna en Gandia. Durante el evento, se presentaron la corte, la madrina y las reinas de la fiesta, en una muestra del compromiso del colectivo con la inclusi\u00f3n y la participaci\u00f3n de todas las&#8230;<\/p>\n","protected":false},"author":1,"featured_media":5823,"comment_status":"open","ping_status":"open","sticky":false,"template":"","format":"standard","meta":{"footnotes":""},"categories":[1,27],"tags":[],"class_list":["post-5821","post","type-post","status-publish","format-standard","has-post-thumbnail","hentry","category-actualidad","category-sociedad"],"_links":{"self":[{"href":"https:\/\/infogandia.es\/index.php\/wp-json\/wp\/v2\/posts\/5821","targetHints":{"allow":["GET"]}}],"collection":[{"href":"https:\/\/infogandia.es\/index.php\/wp-json\/wp\/v2\/posts"}],"about":[{"href":"https:\/\/infogandia.es\/index.php\/wp-json\/wp\/v2\/types\/post"}],"author":[{"embeddable":true,"href":"https:\/\/infogandia.es\/index.php\/wp-json\/wp\/v2\/users\/1"}],"replies":[{"embeddable":true,"href":"https:\/\/infogandia.es\/index.php\/wp-json\/wp\/v2\/comments?post=5821"}],"version-history":[{"count":1,"href":"https:\/\/infogandia.es\/index.php\/wp-json\/wp\/v2\/posts\/5821\/revisions"}],"predecessor-version":[{"id":5826,"href":"https:\/\/infogandia.es\/index.php\/wp-json\/wp\/v2\/posts\/5821\/revisions\/5826"}],"wp:featuredmedia":[{"embeddable":true,"href":"https:\/\/infogandia.es\/index.php\/wp-json\/wp\/v2\/media\/5823"}],"wp:attachment":[{"href":"https:\/\/infogandia.es\/index.php\/wp-json\/wp\/v2\/media?parent=5821"}],"wp:term":[{"taxonomy":"category","embeddable":true,"href":"https:\/\/infogandia.es\/index.php\/wp-json\/wp\/v2\/categories?post=5821"},{"taxonomy":"post_tag","embeddable":true,"href":"https:\/\/infogandia.es\/index.php\/wp-json\/wp\/v2\/tags?post=5821"}],"curies":[{"name":"wp","href":"https:\/\/api.w.org\/{rel}","templated":true}]}}