{"id":5827,"date":"2025-03-15T13:50:00","date_gmt":"2025-03-15T13:50:00","guid":{"rendered":"https:\/\/infogandia.es\/?p=5827"},"modified":"2025-03-15T13:50:00","modified_gmt":"2025-03-15T13:50:00","slug":"falles-pel-mon-un-recorrido-por-la-universalidad-de-la-fiesta-valenciana","status":"publish","type":"post","link":"https:\/\/infogandia.es\/index.php\/2025\/03\/15\/falles-pel-mon-un-recorrido-por-la-universalidad-de-la-fiesta-valenciana\/","title":{"rendered":"\u2018Falles pel m\u00f3n\u2019: un recorrido por la universalidad de la fiesta valenciana"},"content":{"rendered":"\n<p>La Diputaci\u00f3 de Val\u00e8ncia presenta la exposici\u00f3n \u2018Falles pel m\u00f3n\u2019, una muestra que recorre los lugares del mundo donde se celebra la ic\u00f3nica fiesta valenciana. La exposici\u00f3n puede visitarse en la Sala de Reinas de la corporaci\u00f3n provincial hasta el 26 de marzo, en horario de 10 a 14 y de 16 a 20 horas.<\/p>\n\n\n\n<p>Inspirada en las palabras del cineasta Chicho Ib\u00e1\u00f1ez Serrador sobre la universalidad de las Fallas, la muestra recoge im\u00e1genes y testimonios de la presencia fallera en ciudades como Buenos Aires, Mar de Plata, Caracas, M\u00e9xico D.F., Montreal, Par\u00eds y muchas m\u00e1s. Ricardo Gabald\u00f3n, diputado de Patrimonio, destaca la fuerza de estas im\u00e1genes: &#8220;Nos trasladan a rincones de Espa\u00f1a y del mundo donde las Fallas han echado ra\u00edces, desde el desfile de 1960 en Buenos Aires hasta las tradiciones sat\u00edricas de Egipto heredadas de los valencianos que trabajaron en el Canal de Suez&#8221;.<\/p>\n\n\n\n<p>Entre las historias m\u00e1s sorprendentes, la exposici\u00f3n destaca la Falla Mar de Plata en Argentina, que cumpli\u00f3 70 a\u00f1os en 2024 y re\u00fane a m\u00e1s de 100.000 personas en la Crem\u00e0. Tambi\u00e9n recoge el legado fallero de San Juan (Argentina), donde existe el \u00fanico trinquet fuera de la Comunitat Valenciana, y las manifestaciones falleras en M\u00e9xico, Colombia, Jap\u00f3n y otros pa\u00edses.<\/p>\n\n\n\n<p>Las Fallas, que nacieron en el siglo XVIII vinculadas al gremio de carpinteros, se han expandido no solo por la Comunitat Valenciana, sino por ciudades espa\u00f1olas como Madrid, Barcelona, Sevilla y Burgos. Tambi\u00e9n han cruzado fronteras y se celebran en lugares tan diversos como Los \u00c1ngeles, Shanghai o Bamako.<\/p>\n\n\n\n<p>El presidente de la Diputaci\u00f3n, Vicent Momp\u00f3, anima a la ciudadan\u00eda a visitar esta exposici\u00f3n y descubrir \u201cla grandeza y la universalidad de las Fallas, una tradici\u00f3n que nos define y que la Diputaci\u00f3n se esfuerza por proteger y difundir cada d\u00eda\u201d.<\/p>\n","protected":false},"excerpt":{"rendered":"<p>La Diputaci\u00f3 de Val\u00e8ncia presenta la exposici\u00f3n \u2018Falles pel m\u00f3n\u2019, una muestra que recorre los lugares del mundo donde se celebra la ic\u00f3nica fiesta valenciana. La exposici\u00f3n puede visitarse en la Sala de Reinas de la corporaci\u00f3n provincial hasta el 26 de marzo, en horario de 10 a 14 y de 16 a 20 horas&#8230;.<\/p>\n","protected":false},"author":1,"featured_media":5822,"comment_status":"open","ping_status":"open","sticky":false,"template":"","format":"standard","meta":{"footnotes":""},"categories":[1,27],"tags":[],"class_list":["post-5827","post","type-post","status-publish","format-standard","has-post-thumbnail","hentry","category-actualidad","category-sociedad"],"_links":{"self":[{"href":"https:\/\/infogandia.es\/index.php\/wp-json\/wp\/v2\/posts\/5827","targetHints":{"allow":["GET"]}}],"collection":[{"href":"https:\/\/infogandia.es\/index.php\/wp-json\/wp\/v2\/posts"}],"about":[{"href":"https:\/\/infogandia.es\/index.php\/wp-json\/wp\/v2\/types\/post"}],"author":[{"embeddable":true,"href":"https:\/\/infogandia.es\/index.php\/wp-json\/wp\/v2\/users\/1"}],"replies":[{"embeddable":true,"href":"https:\/\/infogandia.es\/index.php\/wp-json\/wp\/v2\/comments?post=5827"}],"version-history":[{"count":1,"href":"https:\/\/infogandia.es\/index.php\/wp-json\/wp\/v2\/posts\/5827\/revisions"}],"predecessor-version":[{"id":5828,"href":"https:\/\/infogandia.es\/index.php\/wp-json\/wp\/v2\/posts\/5827\/revisions\/5828"}],"wp:featuredmedia":[{"embeddable":true,"href":"https:\/\/infogandia.es\/index.php\/wp-json\/wp\/v2\/media\/5822"}],"wp:attachment":[{"href":"https:\/\/infogandia.es\/index.php\/wp-json\/wp\/v2\/media?parent=5827"}],"wp:term":[{"taxonomy":"category","embeddable":true,"href":"https:\/\/infogandia.es\/index.php\/wp-json\/wp\/v2\/categories?post=5827"},{"taxonomy":"post_tag","embeddable":true,"href":"https:\/\/infogandia.es\/index.php\/wp-json\/wp\/v2\/tags?post=5827"}],"curies":[{"name":"wp","href":"https:\/\/api.w.org\/{rel}","templated":true}]}}