{"id":5843,"date":"2025-03-25T08:21:30","date_gmt":"2025-03-25T08:21:30","guid":{"rendered":"https:\/\/infogandia.es\/?p=5843"},"modified":"2025-03-25T08:21:30","modified_gmt":"2025-03-25T08:21:30","slug":"reunion-del-consell-constitutiu-del-ceic-alfons-el-vell-en-gandia","status":"publish","type":"post","link":"https:\/\/infogandia.es\/index.php\/2025\/03\/25\/reunion-del-consell-constitutiu-del-ceic-alfons-el-vell-en-gandia\/","title":{"rendered":"Reuni\u00f3n del Consell Constitutiu del CEIC Alfons el Vell en Gandia"},"content":{"rendered":"\n<p>El Sal\u00f3n Laval del Ayuntamiento de Gandia acogi\u00f3 ayer la reuni\u00f3n del Consell Constitutiu del CEIC Alfons el Vell, un encuentro presidido por el alcalde de la ciudad, Jos\u00e9 Manuel Prieto, que cont\u00f3 con la asistencia de la concejala delegada de Cultura, Balbina Sendra, as\u00ed como una amplia representaci\u00f3n de profesionales de diversos \u00e1mbitos implicados en esta instituci\u00f3n.<\/p>\n\n\n\n<p>En cuanto al Consell Executiu, estar\u00e1 dirigido por Juli Capilla y contar\u00e1 con personas que representan diferentes \u00e1mbitos de la cultura, la docencia y la investigaci\u00f3n.<\/p>\n\n\n\n<p><strong><em>&#8220;No hay muchas ciudades que tengan un centro de estudios e investigaci\u00f3n propio que desarrolle su actividad en beneficio de la comarca&#8221;, <\/em><\/strong>declar\u00f3 Sendra, quien explic\u00f3 que, adem\u00e1s de la promoci\u00f3n cultural y la investigaci\u00f3n, el CEIC es un importante creador editorial en diversos campos.<\/p>\n\n\n\n<p>La concejala de Cultura destac\u00f3 que la intenci\u00f3n de la presente legislatura es acercarse a toda clase de p\u00fablicos, con especial \u00e9nfasis en el sector joven, diversificando la actividad y abarcando m\u00e1s materias.<\/p>\n","protected":false},"excerpt":{"rendered":"<p>El Sal\u00f3n Laval del Ayuntamiento de Gandia acogi\u00f3 ayer la reuni\u00f3n del Consell Constitutiu del CEIC Alfons el Vell, un encuentro presidido por el alcalde de la ciudad, Jos\u00e9 Manuel Prieto, que cont\u00f3 con la asistencia de la concejala delegada de Cultura, Balbina Sendra, as\u00ed como una amplia representaci\u00f3n de profesionales de diversos \u00e1mbitos implicados&#8230;<\/p>\n","protected":false},"author":1,"featured_media":5844,"comment_status":"open","ping_status":"open","sticky":false,"template":"","format":"standard","meta":{"footnotes":""},"categories":[1,5],"tags":[],"class_list":["post-5843","post","type-post","status-publish","format-standard","has-post-thumbnail","hentry","category-actualidad","category-educacion"],"_links":{"self":[{"href":"https:\/\/infogandia.es\/index.php\/wp-json\/wp\/v2\/posts\/5843","targetHints":{"allow":["GET"]}}],"collection":[{"href":"https:\/\/infogandia.es\/index.php\/wp-json\/wp\/v2\/posts"}],"about":[{"href":"https:\/\/infogandia.es\/index.php\/wp-json\/wp\/v2\/types\/post"}],"author":[{"embeddable":true,"href":"https:\/\/infogandia.es\/index.php\/wp-json\/wp\/v2\/users\/1"}],"replies":[{"embeddable":true,"href":"https:\/\/infogandia.es\/index.php\/wp-json\/wp\/v2\/comments?post=5843"}],"version-history":[{"count":1,"href":"https:\/\/infogandia.es\/index.php\/wp-json\/wp\/v2\/posts\/5843\/revisions"}],"predecessor-version":[{"id":5845,"href":"https:\/\/infogandia.es\/index.php\/wp-json\/wp\/v2\/posts\/5843\/revisions\/5845"}],"wp:featuredmedia":[{"embeddable":true,"href":"https:\/\/infogandia.es\/index.php\/wp-json\/wp\/v2\/media\/5844"}],"wp:attachment":[{"href":"https:\/\/infogandia.es\/index.php\/wp-json\/wp\/v2\/media?parent=5843"}],"wp:term":[{"taxonomy":"category","embeddable":true,"href":"https:\/\/infogandia.es\/index.php\/wp-json\/wp\/v2\/categories?post=5843"},{"taxonomy":"post_tag","embeddable":true,"href":"https:\/\/infogandia.es\/index.php\/wp-json\/wp\/v2\/tags?post=5843"}],"curies":[{"name":"wp","href":"https:\/\/api.w.org\/{rel}","templated":true}]}}