{"id":5846,"date":"2025-03-25T08:38:51","date_gmt":"2025-03-25T08:38:51","guid":{"rendered":"https:\/\/infogandia.es\/?p=5846"},"modified":"2025-03-25T08:39:24","modified_gmt":"2025-03-25T08:39:24","slug":"fin-de-semana-negro-para-el-deporte-en-gandia-futbol-al-borde-del-descenso-y-el-baloncesto-en-crisis","status":"publish","type":"post","link":"https:\/\/infogandia.es\/index.php\/2025\/03\/25\/fin-de-semana-negro-para-el-deporte-en-gandia-futbol-al-borde-del-descenso-y-el-baloncesto-en-crisis\/","title":{"rendered":"Fin de semana negro para el deporte en Gand\u00eda: F\u00fatbol al borde del descenso y el baloncesto en crisis"},"content":{"rendered":"\n<figure class=\"wp-block-embed is-type-video is-provider-youtube wp-block-embed-youtube wp-embed-aspect-16-9 wp-has-aspect-ratio\"><div class=\"wp-block-embed__wrapper\">\n<iframe title=\"EL TERTULION GANDIA | El Gand\u00eda se desangra | Derbi \u201cdivertido\u201d en La Font | Tanganas\u00a0con\u00a0matices\" width=\"640\" height=\"360\" src=\"https:\/\/www.youtube.com\/embed\/f8mfOYFr89o?feature=oembed\" frameborder=\"0\" allow=\"accelerometer; autoplay; clipboard-write; encrypted-media; gyroscope; picture-in-picture; web-share\" referrerpolicy=\"strict-origin-when-cross-origin\" allowfullscreen><\/iframe>\n<\/div><\/figure>\n\n\n\n<p>El lunes ha tra\u00eddo un sol radiante, pero el fin de semana ha sido una aut\u00e9ntica pesadilla para los aficionados del deporte en Gand\u00eda. Tanto el equipo de f\u00fatbol como el de baloncesto han sufrido derrotas dolorosas que dejan sus proyectos en una situaci\u00f3n cr\u00edtica.<\/p>\n\n\n\n<p>El CF Gand\u00eda ha dado un paso casi definitivo hacia el descenso tras caer en casa ante el Carcaixent, un rival directo en la lucha por la permanencia. Esta derrota se suma al empate contra el Paterna, dejando al equipo de Diego Mi\u00f1ana con solo un punto de seis posibles en las \u00faltimas jornadas. La situaci\u00f3n es desesperada y, salvo un milagro, el equipo parece condenado a regresar a la temida primera regional.<\/p>\n\n\n\n<figure class=\"wp-block-video\"><video height=\"1080\" style=\"aspect-ratio: 1920 \/ 1080;\" width=\"1920\" controls src=\"https:\/\/infogandia.es\/wp-content\/uploads\/2025\/03\/Pildora_el_gandia_es_un_desgraciado.mp4\"><\/video><\/figure>\n\n\n\n<p>El t\u00e9cnico Diego Mi\u00f1ana no ocult\u00f3 su preocupaci\u00f3n tras el partido, reconociendo que las matem\u00e1ticas todav\u00eda dan opciones, pero la realidad sobre el c\u00e9sped cuenta otra historia. Con una plantilla que, sobre el papel, deber\u00eda estar rindiendo mucho mejor, las cr\u00edticas apuntan directamente a la gesti\u00f3n deportiva. Se cuestiona si el club ha tomado las decisiones adecuadas despu\u00e9s del descenso administrativo de la temporada anterior.<\/p>\n\n\n\n<p>A pesar de los malos resultados, la afici\u00f3n sigue respondiendo. Ayer, cerca de 600 espectadores se dieron cita en el Guillermo Olag\u00fce, un n\u00famero impresionante considerando el mal momento del equipo. Sin embargo, la esperanza de la salvaci\u00f3n se apaga jornada tras jornada.<\/p>\n\n\n\n<p>Uno de los debutantes, Pau Mascarell, mostr\u00f3 su desaz\u00f3n tras el partido, admitiendo que &#8220;<strong><em>no es la manera de debutar que uno quiere&#8221;<\/em><\/strong> y que el equipo no estuvo a la altura en un partido crucial.<\/p>\n\n\n\n<p>Por otro lado, el Gand\u00eda sigue pagando los errores del pasado. El club no ha conseguido, en d\u00e9cadas, aunar un proyecto estable en lo deportivo, en lo econ\u00f3mico y en la gesti\u00f3n institucional. Se extra\u00f1a la \u00e9poca de L\u00edbero Parri, cuya gesti\u00f3n deportiva fue eficiente, pero que qued\u00f3 lastrada por problemas financieros. \u00bfQu\u00e9 habr\u00eda pasado si Parri hubiese contado con un respaldo institucional firme y un equipo econ\u00f3mico s\u00f3lido? La realidad es que ahora el club vuelve a encontrarse en una situaci\u00f3n cr\u00edtica, con un equipo que no responde en el campo pese a los recursos invertidos.<\/p>\n\n\n\n<h4 class=\"wp-block-heading\"><strong>El Units pel <strong>B\u00e1squet<\/strong><\/strong> <strong>Gand\u00eda cae en Godella y suma una nueva lesi\u00f3n preocupante<\/strong><\/h4>\n\n\n\n<p>El equipo de baloncesto tampoco ha tenido mejor suerte. El conjunto de Alejandro Mesa sufri\u00f3 una dura derrota (94-71) ante un Godella en racha. A los malos resultados se suman las lesiones, especialmente la de Requena, que sufri\u00f3 un problema en la rodilla y est\u00e1 a la espera de una resonancia para determinar la gravedad.<\/p>\n\n\n\n<figure class=\"wp-block-video\"><video height=\"720\" style=\"aspect-ratio: 1280 \/ 720;\" width=\"1280\" controls src=\"http:\/\/infogandia.es\/wp-content\/uploads\/2025\/03\/CORTO_UPB-GANDIA_ALEJANDRO-REQUENA-1.mp4\"><\/video><\/figure>\n\n\n\n<p>El t\u00e9cnico no dud\u00f3 en se\u00f1alar el arbitraje como un factor clave en la derrota, especialmente en el tercer cuarto, donde el equipo sufri\u00f3 varias decisiones en contra.<\/p>\n\n\n\n<h4 class=\"wp-block-heading\"><strong>Tanganas y peleas en el f\u00fatbol regional: un problema recurrente<\/strong><\/h4>\n\n\n\n<p>M\u00e1s all\u00e1 de los malos resultados deportivos, el fin de semana tambi\u00e9n ha estado marcado por incidentes extradeportivos. En varios encuentros de la regional hubo tanganas y peleas, algo que se est\u00e1 convirtiendo en un problema recurrente.<\/p>\n\n\n\n<p>Uno de los equipos implicados en una de estas trifulcas, el Ferracost, ha reaccionado con un comunicado ejemplar en el que no solo piden disculpas, sino que tambi\u00e9n condenan la actitud de su propio jugador implicado en la pelea. &#8220;<strong><em>No hay excusas para este tipo de comportamientos<\/em><\/strong>&#8220;, reza el comunicado, en el que el club asume responsabilidades y se compromete a tomar medidas internas.<\/p>\n\n\n\n<p>El problema de la violencia en el f\u00fatbol regional no es nuevo, pero cada jornada se vuelve m\u00e1s evidente que es necesario tomar medidas para evitar que estos episodios sigan empa\u00f1ando la competici\u00f3n.<\/p>\n\n\n\n<p>La crisis deportiva en Gand\u00eda es evidente. Mientras el f\u00fatbol lucha por evitar un descenso que parece inevitable, el baloncesto intenta reponerse de su mala racha. La afici\u00f3n sigue apoyando, pero la sensaci\u00f3n es que se necesita un cambio de rumbo urgente. \u00bfHabr\u00e1 reacci\u00f3n en las pr\u00f3ximas jornadas o estamos ante una temporada para el olvido?<\/p>\n","protected":false},"excerpt":{"rendered":"<p>El lunes ha tra\u00eddo un sol radiante, pero el fin de semana ha sido una aut\u00e9ntica pesadilla para los aficionados del deporte en Gand\u00eda. Tanto el equipo de f\u00fatbol como el de baloncesto han sufrido derrotas dolorosas que dejan sus proyectos en una situaci\u00f3n cr\u00edtica. El CF Gand\u00eda ha dado un paso casi definitivo hacia&#8230;<\/p>\n","protected":false},"author":1,"featured_media":5851,"comment_status":"open","ping_status":"open","sticky":false,"template":"","format":"standard","meta":{"footnotes":""},"categories":[1],"tags":[],"class_list":["post-5846","post","type-post","status-publish","format-standard","has-post-thumbnail","hentry","category-actualidad"],"_links":{"self":[{"href":"https:\/\/infogandia.es\/index.php\/wp-json\/wp\/v2\/posts\/5846","targetHints":{"allow":["GET"]}}],"collection":[{"href":"https:\/\/infogandia.es\/index.php\/wp-json\/wp\/v2\/posts"}],"about":[{"href":"https:\/\/infogandia.es\/index.php\/wp-json\/wp\/v2\/types\/post"}],"author":[{"embeddable":true,"href":"https:\/\/infogandia.es\/index.php\/wp-json\/wp\/v2\/users\/1"}],"replies":[{"embeddable":true,"href":"https:\/\/infogandia.es\/index.php\/wp-json\/wp\/v2\/comments?post=5846"}],"version-history":[{"count":2,"href":"https:\/\/infogandia.es\/index.php\/wp-json\/wp\/v2\/posts\/5846\/revisions"}],"predecessor-version":[{"id":5853,"href":"https:\/\/infogandia.es\/index.php\/wp-json\/wp\/v2\/posts\/5846\/revisions\/5853"}],"wp:featuredmedia":[{"embeddable":true,"href":"https:\/\/infogandia.es\/index.php\/wp-json\/wp\/v2\/media\/5851"}],"wp:attachment":[{"href":"https:\/\/infogandia.es\/index.php\/wp-json\/wp\/v2\/media?parent=5846"}],"wp:term":[{"taxonomy":"category","embeddable":true,"href":"https:\/\/infogandia.es\/index.php\/wp-json\/wp\/v2\/categories?post=5846"},{"taxonomy":"post_tag","embeddable":true,"href":"https:\/\/infogandia.es\/index.php\/wp-json\/wp\/v2\/tags?post=5846"}],"curies":[{"name":"wp","href":"https:\/\/api.w.org\/{rel}","templated":true}]}}