{"id":5866,"date":"2025-03-26T17:28:42","date_gmt":"2025-03-26T17:28:42","guid":{"rendered":"https:\/\/infogandia.es\/?p=5866"},"modified":"2025-03-26T17:28:42","modified_gmt":"2025-03-26T17:28:42","slug":"gandia-celebra-el-dia-mundial-del-teatre-amb-una-programacio-especial-per-a-tots-els-publics","status":"publish","type":"post","link":"https:\/\/infogandia.es\/index.php\/2025\/03\/26\/gandia-celebra-el-dia-mundial-del-teatre-amb-una-programacio-especial-per-a-tots-els-publics\/","title":{"rendered":"Gandia celebra el Dia Mundial del Teatre amb una programaci\u00f3 especial per a tots els p\u00fablics"},"content":{"rendered":"\n<p>L&#8217;Ajuntament de Gandia ha preparat una s\u00e8rie d&#8217;activitats per a commemorar el Dia Mundial del Teatre, que es celebrar\u00e0 el dijous 27 de mar\u00e7. La regidora de Cultura, Balbina Sendra, ha destacat que la programaci\u00f3 t\u00e9 com a objectiu \u201cacostar les arts esc\u00e8niques a la ciutadania i posar en valor el teatre com a eina cultural fonamental, alhora que dinamitza l\u2019activitat al centre de la ciutat\u201d.<\/p>\n\n\n\n<p>Els actes comen\u00e7aran a les 18:30 hores a la Pla\u00e7a del Llibre (pla\u00e7a Rei Jaume I) amb una presentaci\u00f3 en qu\u00e8 participaran alumnes de l&#8217;Escola de Teatre Act&amp;Play, l&#8217;Escola del Teatre Raval i l&#8217;Escola Teatre Serrano. Just despr\u00e9s, a les 18:35 hores, una desfilada teatral recorrer\u00e0 la pla\u00e7a Rei Jaume I i el Passeig de les Germanies fins al Teatre Serrano, amb un acompanyament musical que donar\u00e0 ritme a la celebraci\u00f3.<\/p>\n\n\n\n<p>A les 19:00 hores, davant la fa\u00e7ana del Teatre Serrano, es far\u00e0 la lectura del Manifest del Dia Mundial del Teatre, a c\u00e0rrec de membres de les tres escoles participants, en un acte que busca la connexi\u00f3 entre diferents generacions d&#8217;actors i actrius.<\/p>\n\n\n\n<p>Finalment, tindran lloc dues sessions d\u2019una visita teatralitzada al Teatre Serrano, on els assistents podran gaudir de petites representacions realitzades pels estudiants de teatre:<\/p>\n\n\n\n<ul class=\"wp-block-list\">\n<li><strong>19:15 hores<\/strong>: Primera sessi\u00f3, amb actuacions a c\u00e0rrec dels xiquets i xiquetes de les escoles Act&amp;Play i Teatre del Raval.<\/li>\n\n\n\n<li><strong>19:45 hores<\/strong>: Segona sessi\u00f3, amb interpretacions dels alumnes de l&#8217;Escola Teatre Serrano.<\/li>\n<\/ul>\n\n\n\n<p>Les visites teatralitzades seran gratu\u00eftes per\u00f2 amb aforament limitat, per la qual cosa ser\u00e0 necess\u00e0ria una inscripci\u00f3 pr\u00e8via a la Casa de Cultura Marqu\u00e9s de Gonz\u00e1lez de Quir\u00f3s o trucant al <strong>96 295 95 35<\/strong>.<\/p>\n\n\n\n<p>Amb aquesta iniciativa, Gandia reafirma el seu comprom\u00eds amb la cultura i el teatre, oferint una jornada especial per a gaudir de les arts esc\u00e8niques en l\u2019espai p\u00fablic.<\/p>\n","protected":false},"excerpt":{"rendered":"<p>L&#8217;Ajuntament de Gandia ha preparat una s\u00e8rie d&#8217;activitats per a commemorar el Dia Mundial del Teatre, que es celebrar\u00e0 el dijous 27 de mar\u00e7. La regidora de Cultura, Balbina Sendra, ha destacat que la programaci\u00f3 t\u00e9 com a objectiu \u201cacostar les arts esc\u00e8niques a la ciutadania i posar en valor el teatre com a eina&#8230;<\/p>\n","protected":false},"author":1,"featured_media":5867,"comment_status":"open","ping_status":"open","sticky":false,"template":"","format":"standard","meta":{"footnotes":""},"categories":[1,27],"tags":[],"class_list":["post-5866","post","type-post","status-publish","format-standard","has-post-thumbnail","hentry","category-actualidad","category-sociedad"],"_links":{"self":[{"href":"https:\/\/infogandia.es\/index.php\/wp-json\/wp\/v2\/posts\/5866","targetHints":{"allow":["GET"]}}],"collection":[{"href":"https:\/\/infogandia.es\/index.php\/wp-json\/wp\/v2\/posts"}],"about":[{"href":"https:\/\/infogandia.es\/index.php\/wp-json\/wp\/v2\/types\/post"}],"author":[{"embeddable":true,"href":"https:\/\/infogandia.es\/index.php\/wp-json\/wp\/v2\/users\/1"}],"replies":[{"embeddable":true,"href":"https:\/\/infogandia.es\/index.php\/wp-json\/wp\/v2\/comments?post=5866"}],"version-history":[{"count":1,"href":"https:\/\/infogandia.es\/index.php\/wp-json\/wp\/v2\/posts\/5866\/revisions"}],"predecessor-version":[{"id":5868,"href":"https:\/\/infogandia.es\/index.php\/wp-json\/wp\/v2\/posts\/5866\/revisions\/5868"}],"wp:featuredmedia":[{"embeddable":true,"href":"https:\/\/infogandia.es\/index.php\/wp-json\/wp\/v2\/media\/5867"}],"wp:attachment":[{"href":"https:\/\/infogandia.es\/index.php\/wp-json\/wp\/v2\/media?parent=5866"}],"wp:term":[{"taxonomy":"category","embeddable":true,"href":"https:\/\/infogandia.es\/index.php\/wp-json\/wp\/v2\/categories?post=5866"},{"taxonomy":"post_tag","embeddable":true,"href":"https:\/\/infogandia.es\/index.php\/wp-json\/wp\/v2\/tags?post=5866"}],"curies":[{"name":"wp","href":"https:\/\/api.w.org\/{rel}","templated":true}]}}