{"id":5869,"date":"2025-03-26T17:30:02","date_gmt":"2025-03-26T17:30:02","guid":{"rendered":"https:\/\/infogandia.es\/?p=5869"},"modified":"2025-03-26T17:30:02","modified_gmt":"2025-03-26T17:30:02","slug":"soler-sostenibilidad-no-es-dificultar-la-movilidad-o-provocar-caidas-a-los-vecinos-del-grau","status":"publish","type":"post","link":"https:\/\/infogandia.es\/index.php\/2025\/03\/26\/soler-sostenibilidad-no-es-dificultar-la-movilidad-o-provocar-caidas-a-los-vecinos-del-grau\/","title":{"rendered":"Soler: \u201cSostenibilidad no es dificultar la movilidad o provocar ca\u00eddas a los vecinos del Grau\u201d"},"content":{"rendered":"\n<p>El portavoz del Grupo Municipal Popular, V\u00edctor Soler, ha criticado duramente la gesti\u00f3n del alcalde de Gandia, Jos\u00e9 Manuel Prieto, en relaci\u00f3n con las obras de renovaci\u00f3n de la zona del Grau. Seg\u00fan Soler, \u201cel se\u00f1or Prieto se encuentra tan desconectado de la Gandia real que, dentro de su discurso triunfalista, olvida que las obras del Grau han generado un gran rechazo en los vecinos por las dificultades en la movilidad, as\u00ed como las ca\u00eddas y esguinces que han causado las obras de la plaza\u201d.<\/p>\n\n\n\n<p>Estas declaraciones surgen tras la rueda de prensa celebrada esta ma\u00f1ana, en la que el alcalde compareci\u00f3 junto a la secretaria de Estado de Turismo, Rosario S\u00e1nchez, para informar sobre el resultado de la reuni\u00f3n sobre los Planes de Sostenibilidad Tur\u00edstica de Gandia. Entre las iniciativas incluidas en estos planes se encuentra la renovaci\u00f3n de la plaza de la Iglesia de Sant Nicolau, una obra que ha suscitado controversia entre los residentes del Grau debido a los problemas generados en la movilidad y la seguridad peatonal.<\/p>\n\n\n\n<p>Soler ha insistido en que el alcalde \u201colvida o ni siquiera es consciente del malestar de los vecinos\u201d y ha subrayado que la ejecuci\u00f3n de estos proyectos no puede traducirse en perjuicios para la ciudadan\u00eda.<\/p>\n\n\n\n<p>Por otro lado, el portavoz popular tambi\u00e9n ha cuestionado el optimismo del alcalde respecto a la desestacionalizaci\u00f3n y el posicionamiento de Gandia como un destino tur\u00edstico de referencia. &#8220;Invito a cualquier persona que escuche este discurso a darse un paseo por la playa de Gandia para corroborar la desconexi\u00f3n profunda de este gobierno con las necesidades de su ciudad&#8221;, ha manifestado.<\/p>\n\n\n\n<p>Con estas cr\u00edticas, el Grupo Municipal Popular pone en entredicho la estrategia del gobierno local en materia de sostenibilidad y turismo, insistiendo en que los proyectos deben estar alineados con las necesidades reales de los ciudadanos.<\/p>\n","protected":false},"excerpt":{"rendered":"<p>El portavoz del Grupo Municipal Popular, V\u00edctor Soler, ha criticado duramente la gesti\u00f3n del alcalde de Gandia, Jos\u00e9 Manuel Prieto, en relaci\u00f3n con las obras de renovaci\u00f3n de la zona del Grau. Seg\u00fan Soler, \u201cel se\u00f1or Prieto se encuentra tan desconectado de la Gandia real que, dentro de su discurso triunfalista, olvida que las obras&#8230;<\/p>\n","protected":false},"author":1,"featured_media":5855,"comment_status":"open","ping_status":"open","sticky":false,"template":"","format":"standard","meta":{"footnotes":""},"categories":[1,3],"tags":[],"class_list":["post-5869","post","type-post","status-publish","format-standard","has-post-thumbnail","hentry","category-actualidad","category-politica"],"_links":{"self":[{"href":"https:\/\/infogandia.es\/index.php\/wp-json\/wp\/v2\/posts\/5869","targetHints":{"allow":["GET"]}}],"collection":[{"href":"https:\/\/infogandia.es\/index.php\/wp-json\/wp\/v2\/posts"}],"about":[{"href":"https:\/\/infogandia.es\/index.php\/wp-json\/wp\/v2\/types\/post"}],"author":[{"embeddable":true,"href":"https:\/\/infogandia.es\/index.php\/wp-json\/wp\/v2\/users\/1"}],"replies":[{"embeddable":true,"href":"https:\/\/infogandia.es\/index.php\/wp-json\/wp\/v2\/comments?post=5869"}],"version-history":[{"count":1,"href":"https:\/\/infogandia.es\/index.php\/wp-json\/wp\/v2\/posts\/5869\/revisions"}],"predecessor-version":[{"id":5871,"href":"https:\/\/infogandia.es\/index.php\/wp-json\/wp\/v2\/posts\/5869\/revisions\/5871"}],"wp:featuredmedia":[{"embeddable":true,"href":"https:\/\/infogandia.es\/index.php\/wp-json\/wp\/v2\/media\/5855"}],"wp:attachment":[{"href":"https:\/\/infogandia.es\/index.php\/wp-json\/wp\/v2\/media?parent=5869"}],"wp:term":[{"taxonomy":"category","embeddable":true,"href":"https:\/\/infogandia.es\/index.php\/wp-json\/wp\/v2\/categories?post=5869"},{"taxonomy":"post_tag","embeddable":true,"href":"https:\/\/infogandia.es\/index.php\/wp-json\/wp\/v2\/tags?post=5869"}],"curies":[{"name":"wp","href":"https:\/\/api.w.org\/{rel}","templated":true}]}}