{"id":5872,"date":"2025-03-26T17:38:04","date_gmt":"2025-03-26T17:38:04","guid":{"rendered":"https:\/\/infogandia.es\/?p=5872"},"modified":"2025-03-26T17:38:04","modified_gmt":"2025-03-26T17:38:04","slug":"las-obras-de-mejora-de-la-conectividad-en-la-avenida-del-grau-comenzaran-en-mayo","status":"publish","type":"post","link":"https:\/\/infogandia.es\/index.php\/2025\/03\/26\/las-obras-de-mejora-de-la-conectividad-en-la-avenida-del-grau-comenzaran-en-mayo\/","title":{"rendered":"Las obras de mejora de la conectividad en la avenida del Grau comenzar\u00e1n en mayo"},"content":{"rendered":"\n<p>La segunda fase de las obras de mejora de la conectividad en la avenida del Grau dar\u00e1 comienzo en mayo con una inversi\u00f3n total de 1,3 millones de euros, de los cuales 985.000 euros ser\u00e1n financiados a trav\u00e9s de los Planes de Sostenibilidad Tur\u00edstica. Este proyecto tiene como objetivo generar un espacio m\u00e1s seguro para los peatones y ampliar las oportunidades comerciales en la zona.<\/p>\n\n\n\n<p>El anuncio fue realizado esta ma\u00f1ana por el alcalde de Gandia, Jos\u00e9 Manuel Prieto, y la secretaria de Estado de Turismo, Rosario S\u00e1nchez, tras una reuni\u00f3n de trabajo en la que tambi\u00e9n participaron los concejales de Turismo, Balbina Sendra; Urbanismo, Vicent Mascarell; y Medio Ambiente, Al\u00edcia Izquierdo, junto con t\u00e9cnicos municipales.<\/p>\n\n\n\n<p>La actuaci\u00f3n se centrar\u00e1 en la calle Mare de D\u00e9u Blanqueta y el entorno inmediato de la Iglesia de Sant Nicolau, un \u00e1rea clave en la transformaci\u00f3n urban\u00edstica de Gandia. Prieto destac\u00f3 que la ciudad ha experimentado un cambio profundo en su modelo tur\u00edstico, apostando por la sostenibilidad y la modernizaci\u00f3n de infraestructuras. \u201cHemos llevado a cabo un cambio positivo en el modelo tur\u00edstico, abordando retos y ofreciendo soluciones para conseguir un turismo cada vez m\u00e1s sostenible que genere nuevas oportunidades\u201d, afirm\u00f3 el alcalde.<\/p>\n\n\n\n<p>Por su parte, Rosario S\u00e1nchez subray\u00f3 el papel de Gandia como referente en la gesti\u00f3n sostenible de sus recursos tur\u00edsticos. \u201cGandia es un ejemplo en la diversificaci\u00f3n de su oferta, demostrando que el turismo no se limita solo al sol y la playa, sino que tambi\u00e9n apuesta por la cultura, el medio ambiente y la innovaci\u00f3n\u201d, se\u00f1al\u00f3.<\/p>\n\n\n\n<p><strong>Inversi\u00f3n en sostenibilidad tur\u00edstica<\/strong><\/p>\n\n\n\n<p>Gracias a los Planes de Sostenibilidad Tur\u00edstica, Gandia ha conseguido movilizar una inversi\u00f3n total de 7,4 millones de euros para mejorar la movilidad, la digitalizaci\u00f3n, la eficiencia energ\u00e9tica y la diversificaci\u00f3n de su oferta. En total, la ciudad ha gestionado proyectos financiados con fondos europeos por valor de 25 millones de euros, con 14 actuaciones ya finalizadas y 11 en ejecuci\u00f3n.<\/p>\n\n\n\n<p>Dentro de estos planes, la segunda fase de la humanizaci\u00f3n de la avenida del Grau es una de las iniciativas clave para mejorar la accesibilidad y la conectividad del municipio. El proyecto incluye la renovaci\u00f3n del entorno urbano para hacerlo m\u00e1s accesible y atractivo, facilitando la movilidad de vecinos y turistas.<\/p>\n\n\n\n<p>Prieto concluy\u00f3 su intervenci\u00f3n destacando que el gobierno municipal seguir\u00e1 aprovechando todas las oportunidades de financiaci\u00f3n externa para impulsar una ciudad m\u00e1s sostenible. \u201cEstamos cumpliendo con nuestra obligaci\u00f3n de vertebrar la ciudad mientras generamos oportunidades, respondiendo a todas las inversiones que est\u00e1n llegando\u201d, se\u00f1al\u00f3.<\/p>\n\n\n\n<p>Por su parte, S\u00e1nchez reiter\u00f3 que Gandia ha sabido aprovechar los fondos europeos con una planificaci\u00f3n estructurada y clara, lo que ha permitido ejecutar proyectos con un impacto real en la vida de los ciudadanos y en la competitividad del destino. Tambi\u00e9n destac\u00f3 la importancia del \u201cturismo azul\u201d, una estrategia que combina el desarrollo tur\u00edstico con la protecci\u00f3n del medio ambiente, posicionando a Gandia como un referente en la gesti\u00f3n sostenible del litoral mediterr\u00e1neo.<\/p>\n","protected":false},"excerpt":{"rendered":"<p>La segunda fase de las obras de mejora de la conectividad en la avenida del Grau dar\u00e1 comienzo en mayo con una inversi\u00f3n total de 1,3 millones de euros, de los cuales 985.000 euros ser\u00e1n financiados a trav\u00e9s de los Planes de Sostenibilidad Tur\u00edstica. Este proyecto tiene como objetivo generar un espacio m\u00e1s seguro para&#8230;<\/p>\n","protected":false},"author":1,"featured_media":5870,"comment_status":"open","ping_status":"open","sticky":false,"template":"","format":"standard","meta":{"footnotes":""},"categories":[1,27],"tags":[],"class_list":["post-5872","post","type-post","status-publish","format-standard","has-post-thumbnail","hentry","category-actualidad","category-sociedad"],"_links":{"self":[{"href":"https:\/\/infogandia.es\/index.php\/wp-json\/wp\/v2\/posts\/5872","targetHints":{"allow":["GET"]}}],"collection":[{"href":"https:\/\/infogandia.es\/index.php\/wp-json\/wp\/v2\/posts"}],"about":[{"href":"https:\/\/infogandia.es\/index.php\/wp-json\/wp\/v2\/types\/post"}],"author":[{"embeddable":true,"href":"https:\/\/infogandia.es\/index.php\/wp-json\/wp\/v2\/users\/1"}],"replies":[{"embeddable":true,"href":"https:\/\/infogandia.es\/index.php\/wp-json\/wp\/v2\/comments?post=5872"}],"version-history":[{"count":1,"href":"https:\/\/infogandia.es\/index.php\/wp-json\/wp\/v2\/posts\/5872\/revisions"}],"predecessor-version":[{"id":5873,"href":"https:\/\/infogandia.es\/index.php\/wp-json\/wp\/v2\/posts\/5872\/revisions\/5873"}],"wp:featuredmedia":[{"embeddable":true,"href":"https:\/\/infogandia.es\/index.php\/wp-json\/wp\/v2\/media\/5870"}],"wp:attachment":[{"href":"https:\/\/infogandia.es\/index.php\/wp-json\/wp\/v2\/media?parent=5872"}],"wp:term":[{"taxonomy":"category","embeddable":true,"href":"https:\/\/infogandia.es\/index.php\/wp-json\/wp\/v2\/categories?post=5872"},{"taxonomy":"post_tag","embeddable":true,"href":"https:\/\/infogandia.es\/index.php\/wp-json\/wp\/v2\/tags?post=5872"}],"curies":[{"name":"wp","href":"https:\/\/api.w.org\/{rel}","templated":true}]}}