{"id":5879,"date":"2025-03-28T11:29:16","date_gmt":"2025-03-28T11:29:16","guid":{"rendered":"https:\/\/infogandia.es\/?p=5879"},"modified":"2025-03-28T11:29:18","modified_gmt":"2025-03-28T11:29:18","slug":"la-diputacio-de-valencia-lanza-una-campana-de-sensibilizacion-contra-los-robos-a-agricultores-y-ganaderos","status":"publish","type":"post","link":"https:\/\/infogandia.es\/index.php\/2025\/03\/28\/la-diputacio-de-valencia-lanza-una-campana-de-sensibilizacion-contra-los-robos-a-agricultores-y-ganaderos\/","title":{"rendered":"La Diputaci\u00f3 de Val\u00e8ncia lanza una campa\u00f1a de sensibilizaci\u00f3n contra los robos a agricultores y ganaderos"},"content":{"rendered":"\n<p>La Diputaci\u00f3 de Val\u00e8ncia, a trav\u00e9s de su \u00e1rea de Desarrollo Territorial Sostenible, ha puesto en marcha una nueva campa\u00f1a de concienciaci\u00f3n dirigida a la ciudadan\u00eda con el objetivo de combatir los robos a agricultores y ganaderos. Bajo el lema <strong><em>\u201cCuida tu salud. No fomentes los robos en el campo\u201d,<\/em><\/strong> la campa\u00f1a busca promover el respeto hacia los productos valencianos y alertar sobre los riesgos para la salud p\u00fablica que implica el consumo de productos de origen il\u00edcito.<\/p>\n\n\n\n<p>El diputado Avelino Mascarell, responsable de la iniciativa, destac\u00f3 la importancia de respaldar a los agricultores, que enfrentan no solo los desaf\u00edos derivados del cambio clim\u00e1tico, como sequ\u00edas e inundaciones, sino tambi\u00e9n la amenaza de la delincuencia que afecta su actividad. <strong><em>\u201cLos robos no solo perjudican la econom\u00eda de los productores, sino que tambi\u00e9n ponen en riesgo nuestra salud al consumir productos sin garant\u00eda sanitaria ni trazabilidad. Es fundamental que los ciudadanos evitemos comprar en puntos de venta ilegales y apostemos por lo local y lo seguro<\/em><\/strong>\u201d, se\u00f1al\u00f3 Mascarell.<\/p>\n\n\n\n<p>La campa\u00f1a incluir\u00e1 una serie de acciones comunicativas, que se difundir\u00e1n a trav\u00e9s de diversos medios como televisi\u00f3n, radio, prensa escrita y redes sociales. Se ha desarrollado un conjunto de contenidos gr\u00e1ficos y audiovisuales adaptados a diferentes formatos, con el objetivo de sensibilizar a los consumidores finales sobre los riesgos asociados al consumo de productos robados.<\/p>\n\n\n\n<figure class=\"wp-block-image size-large\"><img fetchpriority=\"high\" decoding=\"async\" width=\"1024\" height=\"665\" src=\"http:\/\/infogandia.es\/wp-content\/uploads\/2025\/03\/Imagen-de-WhatsApp-2025-03-27-a-las-15.55.16_5d4ffddf-1024x665.jpg\" alt=\"\" class=\"wp-image-5875\" srcset=\"https:\/\/infogandia.es\/wp-content\/uploads\/2025\/03\/Imagen-de-WhatsApp-2025-03-27-a-las-15.55.16_5d4ffddf-1024x665.jpg 1024w, https:\/\/infogandia.es\/wp-content\/uploads\/2025\/03\/Imagen-de-WhatsApp-2025-03-27-a-las-15.55.16_5d4ffddf-300x195.jpg 300w, https:\/\/infogandia.es\/wp-content\/uploads\/2025\/03\/Imagen-de-WhatsApp-2025-03-27-a-las-15.55.16_5d4ffddf-768x499.jpg 768w, https:\/\/infogandia.es\/wp-content\/uploads\/2025\/03\/Imagen-de-WhatsApp-2025-03-27-a-las-15.55.16_5d4ffddf-1536x997.jpg 1536w, https:\/\/infogandia.es\/wp-content\/uploads\/2025\/03\/Imagen-de-WhatsApp-2025-03-27-a-las-15.55.16_5d4ffddf.jpg 1600w\" sizes=\"(max-width: 1024px) 100vw, 1024px\" \/><\/figure>\n\n\n\n<p>Adem\u00e1s, se ha dise\u00f1ado una imagen gr\u00e1fica com\u00fan que protagonizan tanto los agricultores como los comerciantes, quienes desempe\u00f1an un papel clave en llevar los productos legales al consumidor. Tambi\u00e9n se incluir\u00e1n spots audiovisuales y carteler\u00eda, con el fin de concienciar sobre las consecuencias que los robos tienen tanto para los productores como para los consumidores.<\/p>\n\n\n\n<p>Mascarell concluy\u00f3: <em><strong>\u201cEs el momento de decir basta. La ciudadan\u00eda debe tomar conciencia de que el agricultor invierte su tiempo y esfuerzo en producir de forma segura y profesional. Un delincuente no, y eso no solo afecta a la calidad, sino tambi\u00e9n a nuestra salud\u201d.<\/strong><\/em><\/p>\n","protected":false},"excerpt":{"rendered":"<p>La Diputaci\u00f3 de Val\u00e8ncia, a trav\u00e9s de su \u00e1rea de Desarrollo Territorial Sostenible, ha puesto en marcha una nueva campa\u00f1a de concienciaci\u00f3n dirigida a la ciudadan\u00eda con el objetivo de combatir los robos a agricultores y ganaderos. Bajo el lema \u201cCuida tu salud. No fomentes los robos en el campo\u201d, la campa\u00f1a busca promover el&#8230;<\/p>\n","protected":false},"author":1,"featured_media":5876,"comment_status":"open","ping_status":"open","sticky":false,"template":"","format":"standard","meta":{"footnotes":""},"categories":[1,6,27],"tags":[],"class_list":["post-5879","post","type-post","status-publish","format-standard","has-post-thumbnail","hentry","category-actualidad","category-economia","category-sociedad"],"_links":{"self":[{"href":"https:\/\/infogandia.es\/index.php\/wp-json\/wp\/v2\/posts\/5879","targetHints":{"allow":["GET"]}}],"collection":[{"href":"https:\/\/infogandia.es\/index.php\/wp-json\/wp\/v2\/posts"}],"about":[{"href":"https:\/\/infogandia.es\/index.php\/wp-json\/wp\/v2\/types\/post"}],"author":[{"embeddable":true,"href":"https:\/\/infogandia.es\/index.php\/wp-json\/wp\/v2\/users\/1"}],"replies":[{"embeddable":true,"href":"https:\/\/infogandia.es\/index.php\/wp-json\/wp\/v2\/comments?post=5879"}],"version-history":[{"count":1,"href":"https:\/\/infogandia.es\/index.php\/wp-json\/wp\/v2\/posts\/5879\/revisions"}],"predecessor-version":[{"id":5880,"href":"https:\/\/infogandia.es\/index.php\/wp-json\/wp\/v2\/posts\/5879\/revisions\/5880"}],"wp:featuredmedia":[{"embeddable":true,"href":"https:\/\/infogandia.es\/index.php\/wp-json\/wp\/v2\/media\/5876"}],"wp:attachment":[{"href":"https:\/\/infogandia.es\/index.php\/wp-json\/wp\/v2\/media?parent=5879"}],"wp:term":[{"taxonomy":"category","embeddable":true,"href":"https:\/\/infogandia.es\/index.php\/wp-json\/wp\/v2\/categories?post=5879"},{"taxonomy":"post_tag","embeddable":true,"href":"https:\/\/infogandia.es\/index.php\/wp-json\/wp\/v2\/tags?post=5879"}],"curies":[{"name":"wp","href":"https:\/\/api.w.org\/{rel}","templated":true}]}}